{"id":32268,"date":"2026-03-08T17:55:46","date_gmt":"2026-03-08T16:55:46","guid":{"rendered":"https:\/\/www.unterstroemt.de\/?p=32268"},"modified":"2026-03-21T16:52:01","modified_gmt":"2026-03-21T15:52:01","slug":"interessantes-aus-kw-10-2026","status":"publish","type":"post","link":"https:\/\/www.unterstroemt.de\/?p=32268","title":{"rendered":"Interessantes aus KW 10\/2026"},"content":{"rendered":"<p>An dieser Stelle pr\u00e4sentieren wir regelm\u00e4\u00dfig Links, die wir unter der Woche entdeckt haben, zu denen wir selbst nicht mehr viel schreiben m\u00fcssen und die wir teilenswert finden. Viel Spa\u00df beim Lesen und Anschauen!<\/p>\n<p>1. Was f\u00fcr ein ungleiches Duell da neulich im ZDF bei Lanz stattfand: Ulrike Herrmann, Wirtschaftsjournalistin, und Carsten Linnemann, Generalsekret\u00e4r der CDU und im Grunde Experte f\u00fcr gar nichts, sa\u00dfen dort und diskutierten die Neufassung des Geb\u00e4udenenergiegesetzes (jetzt: Geb\u00e4udemodernisierungsgesetz). In einem etwa 23-min\u00fctigen <a href=\"https:\/\/www.youtube.com\/watch?v=iyHc9GPsE34\" target=\"_blank\" rel=\"noopener\">Video von <em>Geld f\u00fcr die Welt<\/em><\/a> nimmt sich Maurice H\u00f6fgen dieser Sendung an, zeigt, wie Ulrike Herrmann den \u00fcberforderten Linnemann komplett auseinandernimmt, und gibt zudem noch weitere interessante Hintergrundinfos, die verdeutlichen, dass dieses &#8222;Heizungsgesetz&#8220; wirklich vollkommen untauglich ist. [Karl]<\/p>\n<p>2. Auch Christian St\u00f6cker findet in seiner <a href=\"https:\/\/www.spiegel.de\/wissenschaft\/mensch\/heizungsgesetz-robert-habeck-doof-finden-ist-keine-strategie-gefaehrdet-aber-klimaziele-a-228ae43d-7822-4470-a764-799c125f6b72\" target=\"_blank\" rel=\"noopener\">Kolumne auf <em>Spiegel Online<\/em><\/a> keine guten Worte f\u00fcr das Eckpunktepapier der schlechtesten Bundesregierung aller Zeiten f\u00fcr ein neues Gesetz zum Heizen von Geb\u00e4uden. Dieses l\u00e4sst n\u00e4mlich jahrzehntelang bekannte Kausalit\u00e4ten komplett au\u00dfer Acht und ist zudem extrem sch\u00e4dlich f\u00fcr den Wirtschaftsstandort Deutschland, da es ausschlie\u00dflich r\u00fcckw\u00e4rts gewandt ist. Daher hagelt es auch von allen Seiten, selbst von wirtschaftsfreundlichen Medien und Interessenverb\u00e4nden, deutliche Kritik an dem Unfug, bei dem es CDU und SPD offenbar nur darum zu gehen scheint, den vorherigen Bundeswirtschaftsminister Robert Habeck (Gr\u00fcne) zu diskreditieren. Doch das ist eben kein tragf\u00e4higes Konzept. [Karl]<\/p>\n<p>3. Dass Friedrich Merz, schlechtester Bundeskanzler aller Zeiten, kein Format hat, haben mittlerweile ja die meisten mitbekommen. Nun ist er k\u00fcrzlich bei seinem USA-Besuch auch noch US-Machthaber Donald Trump tief in den Allerwertesten gekrochen, wie ein <a href=\"https:\/\/www.tagesschau.de\/ausland\/amerika\/merz-trump-treffen-104.html\" target=\"_blank\" rel=\"noopener\">Artikel auf <em>tagesschau.de<\/em><\/a> zeigt. So gab es keinen Widerspruch zu Trumps Gefasel zum v\u00f6lkerrechtswidrigen Angriff der USA auf den Iran, und auch in die Kritik an Spanien, das den USA f\u00fcr diesen Krieg die Nutzung von US-Milit\u00e4rbasen im Land untersagt, schloss er sich an, wenngleich mit etwas anderer Schwerpunktsetzung. Und weil Fritze so sch\u00f6n brav war, bekam er auch ein dickes Lob von Trump. Wenn so was geschieht, dann sollte man wissen, dass man wohl ziemlich viel falsch gemacht hat. [Karl]<\/p>\n<p>4. Bundesinnenminister Alexander Dobrindt (CSU) und Bundesjustizministerin Stefanie Hubig (SPD) fordern gerade h\u00e4rtere Strafen gegen Personen, die Gewalt gegen Polizisten ausge\u00fcbt haben. Der Grund: Diese Gewalt soll laut BKA-Statistik deutlich zugenommen haben. Doch ist das tats\u00e4chlich so? Ein etwa zehnmin\u00fctiger <a href=\"https:\/\/www.youtube.com\/watch?v=rh5Tws9D-EQ\" target=\"_blank\" rel=\"noopener\">Bericht von <em>Monitor<\/em> (ARD)<\/a> schaut sich die Zahlen mal etwas genauer an, fragt Experten von Polizei und Justiz und kommt zu interessanten Ergebnissen. So wurden beispielsweise 2017 und 2021 neue Straftatbest\u00e4nde eingef\u00fchrt, sodass ein Anstieg der Zahlen schon allein darauf zur\u00fcckzuf\u00fchren ist. Zudem hat bei vielen der so erfassten Gewalttaten \u00fcberhaupt keine Gewalt stattgefunden. Und dann werden noch Menschen, die Opfer von Polizeigewalt wurden, aber von der Polizei als T\u00e4ter beschuldigt wurden, trotz gerichtlichen Freispruchs weiter als Gewaltt\u00e4ter in der Statistik gef\u00fchrt. Trumpsche Ausma\u00dfe des Faktenzurechtbiegens \u2013 aber das sollte einen bei jemandem wie Dobrindt auch nicht wundern. [Karl]<\/p>\n<p>5. In einem <a href=\"https:\/\/www.nd-aktuell.de\/artikel\/1198003.polizei-morddrohung-gegen-polizist-oliver-von-dobrowolski.html\" target=\"_blank\" rel=\"noopener\">Artikel im <em>neuen deutschland<\/em><\/a> geht es um eine Drohung, die der Polizist Oliver von Dobrowolski per Post erhalten hat. Darin wird er als &#8222;elendes Kollegenschwein&#8220; bezeichnet, zudem liegt dem Schreiben eine scharfe Patrone aus Polizeibest\u00e4nden bei. Von Dobrowolski ist ein kritischer Beamter, der die Strukturen der Polizei hinterfragt, Rassismus und Sexismus als Probleme benennt und damit schon \u00f6fter bei Kollegen auf Unverst\u00e4ndnis gesto\u00dfen ist, vor allem wenn diese vom rechten Rand kommen. Solidarit\u00e4t erf\u00e4hrt von Dobrowolski leider kaum \u2013 was zeigt, dass es dringenden Reformbedarf bei der Polizei gibt und eine unabh\u00e4ngige \u00dcberpr\u00fcfungs- und Beschwerdestelle sehr sinnvoll w\u00e4re. [Karl]<\/p>\n<p>6. Ein 15-J\u00e4hriger hat zwei j\u00fcngere Sch\u00fcler seiner ehemaligen Schule auf dem Pausenhof mit einem Hammer attackiert, weil er sie t\u00f6ten wollte \u2013 aller Voraussicht nach aus rassistischen Gr\u00fcnden, wie aus einer <a href=\"https:\/\/www.spiegel.de\/panorama\/justiz\/friedberg-15-jaehriger-wegen-hammerangriffs-auf-zwei-schueler-angeklagt-a-4b988808-68a0-4f32-b4dd-0321732a46c2\" target=\"_blank\" rel=\"noopener\">Meldung auf <em>Spiegel Online<\/em><\/a> hervorgeht. Zum Gl\u00fcck wurden die beiden Jungs nur leicht bzw. mittelschwer verletzt, der Angreifer konnte von der Polizei gefasst werden und sitzt nun in Untersuchungshaft. W\u00fcrde mich nicht wundern, wenn die allgegenw\u00e4rtige rechte Hetze bei dem Jungen zu dieser abscheulichen Tat gef\u00fchrt hat. [Karl]<\/p>\n<p>7. In Rosenheim soll angeblich der AfD-B\u00fcrgermeisterkandidat Michael Maurer an einem Wahlkampfstand von linken Jugendlichen attackiert worden sein, woraufhin er sich erhebliche Verletzungen zugezogen hat. So zumindest der Polizeibericht, der auch von zahlreichen Medien unhinterfragt \u00fcbernommen wurde. Ein Video von dem Vorfall zeigt laut einem <a href=\"https:\/\/taz.de\/Kommunalwahl-in-Bayern\/!6159860\/\" target=\"_blank\" rel=\"noopener\">Artikel in der <em>taz<\/em><\/a> jedoch etwas komplett anderes: AfD-Leute haben versucht, einer Gruppe von jungen Menschen, die gegen den Stand der Blaubraunen demonstrieren wollten, ein Banner zu entrei\u00dfen. Daraufhin kam es zu einem Gerangel, und Michael Maurer schmiss sich dabei auf die Erde und markierte den sterbenden Schwan. Also: Mal wieder alles gelogen, aber das kennt man ja von der AfD. [Karl]<\/p>\n<p>8. Cem \u00d6zdemir, Spitzenkandidat der Gr\u00fcnen bei der Landtagswahl in Baden-W\u00fcrttemberg, wurde in einem Posting auf X beschuldigt, als Muslim die Islamisierung des Landes zu f\u00f6rdern, sollte er tats\u00e4chlich Ministerpr\u00e4sident werden, sodass er sich von seiner Religion lossagen m\u00fcsse. Absender war allerdings niemand von der AfD, sonder ein K\u00f6lner CDU-Hinterb\u00e4nkler. Seine Partei entschuldigte sich danach dann zwar einhellig f\u00fcr diese verbale Entgleisung, wie ein <a href=\"https:\/\/www.spiegel.de\/politik\/deutschland\/cem-oezdemir-cdu-mitglied-aus-koeln-postet-islamophobe-vorwuerfe-partei-will-ihn-loswerden-a-4a70c8e2-52ea-4b13-9866-73a25c8b5f88\" target=\"_blank\" rel=\"noopener\">Artikel auf <em>Spiegel Online<\/em><\/a> berichtet, aber man sieht daran, wie weit rassistisches Denken mittlerweile zu einer Selbstverst\u00e4ndlichkeit geworden ist, und das auch au\u00dferhalb von explizit rechtsextremen Kreisen. [Karl]<\/p>\n<p>9. Emotionale Inhalte sprechen Menschen in der Regel st\u00e4rker an als rein sachliche. Das macht sich die Werbung schon l\u00e4nger zunutze, mittlerweile findet sich dieses Vorgehen allerdings auch immer mehr in sozialen Medien. Und da geht es, wie ein <a href=\"https:\/\/digitalcourage.de\/blog\/2026\/die-neue-propaganda-der-plattformoekonomie\" target=\"_blank\" rel=\"noopener\">Artikel von <em>Digitalcourage<\/em><\/a> schildert, nicht mehr nur darum, Bed\u00fcrfnisse zu wecken, um Menschen zum Konsum zu bewegen, sondern auch um demokratiefeindliche Inhalte, die entsprechend emotionalisiert vermittelt werden. Dagegen k\u00f6nnte man schon etwas machen, nur fehlt offenbar weitgehend der politische Wille daf\u00fcr. [Karl]<\/p>\n<p>10. Berlins Polizeipr\u00e4sidentin Barbara Slowik Meisel war Ehrengast bei einer Veranstaltung des christlich-fundamentalistischen Vereins &#8222;Christen an der Seite Israels&#8220;, wie ein <a href=\"https:\/\/taz.de\/Polizeipraesidentin-bei-Israel-Verein\/!6159477\/\" target=\"_blank\" rel=\"noopener\">Artikel in der<em> taz<\/em><\/a> schildert. Das ist insofern etwas pikant, da man es bei diesem Verein in Ordnung findet, den Pal\u00e4stinensern in Israel das Existenzrecht abzusprechen, zudem unterst\u00fctzt man auch den illegalen Siedlungsbau im Westjordanland. Da wird es dann m. E. schon schwierig, das mit dem Neutralit\u00e4tsgebot der Polizei in Einklang zu bringen. Vor allem auch absurd, dass auf der Veranstaltung die Floskel &#8222;vom Fluss bis zum Meer&#8220; verwendet wurde, f\u00fcr die man, wenn man das auf einer Pro-Pal\u00e4stina-Demo ruft, durchaus belangt werden kann. Schon ziemlich zweierlei Ma\u00df, oder? [Karl]<\/p>\n<p>11. Einen tollen Service bietet die NGO <a href=\"https:\/\/www.finanzwende.de\/verbraucherberatung\/wissen-tools\/finanzwissen-fuer-verbraucherinnen\" target=\"_blank\" rel=\"noopener\"><em>Finanzwende<\/em> auf ihrer Website<\/a> an: Dort findet sich eine Zusammenstellung von verschiedenen Anlaufstellen, bei denen man sich ein solides Basiswissen im Bereich Finanzen draufschaffen kann. Ratgeber, Rechentools, Podcasts \u2013 die Bandbreite ist wirklich gro\u00df. Wer also sein Finanzwissen etwas aufpolieren m\u00f6chte, findet hier sicher viel N\u00fctzliches! [Karl]<\/p>\n<p>&nbsp;<\/p>\n","protected":false},"excerpt":{"rendered":"<p>An dieser Stelle pr\u00e4sentieren wir regelm\u00e4\u00dfig Links, die wir unter der Woche entdeckt haben, zu denen wir selbst nicht mehr viel schreiben m\u00fcssen und die wir teilenswert finden. Viel Spa\u00df beim Lesen und Anschauen!<\/p>\n","protected":false},"author":5,"featured_media":0,"comment_status":"open","ping_status":"open","sticky":false,"template":"","format":"standard","meta":{"footnotes":""},"categories":[193],"tags":[],"class_list":["post-32268","post","type-post","status-publish","format-standard","hentry","category-woechentliches"],"_links":{"self":[{"href":"https:\/\/www.unterstroemt.de\/index.php?rest_route=\/wp\/v2\/posts\/32268","targetHints":{"allow":["GET"]}}],"collection":[{"href":"https:\/\/www.unterstroemt.de\/index.php?rest_route=\/wp\/v2\/posts"}],"about":[{"href":"https:\/\/www.unterstroemt.de\/index.php?rest_route=\/wp\/v2\/types\/post"}],"author":[{"embeddable":true,"href":"https:\/\/www.unterstroemt.de\/index.php?rest_route=\/wp\/v2\/users\/5"}],"replies":[{"embeddable":true,"href":"https:\/\/www.unterstroemt.de\/index.php?rest_route=%2Fwp%2Fv2%2Fcomments&post=32268"}],"version-history":[{"count":14,"href":"https:\/\/www.unterstroemt.de\/index.php?rest_route=\/wp\/v2\/posts\/32268\/revisions"}],"predecessor-version":[{"id":32328,"href":"https:\/\/www.unterstroemt.de\/index.php?rest_route=\/wp\/v2\/posts\/32268\/revisions\/32328"}],"wp:attachment":[{"href":"https:\/\/www.unterstroemt.de\/index.php?rest_route=%2Fwp%2Fv2%2Fmedia&parent=32268"}],"wp:term":[{"taxonomy":"category","embeddable":true,"href":"https:\/\/www.unterstroemt.de\/index.php?rest_route=%2Fwp%2Fv2%2Fcategories&post=32268"},{"taxonomy":"post_tag","embeddable":true,"href":"https:\/\/www.unterstroemt.de\/index.php?rest_route=%2Fwp%2Fv2%2Ftags&post=32268"}],"curies":[{"name":"wp","href":"https:\/\/api.w.org\/{rel}","templated":true}]}}