{"id":32284,"date":"2026-03-15T12:46:30","date_gmt":"2026-03-15T11:46:30","guid":{"rendered":"https:\/\/www.unterstroemt.de\/?p=32284"},"modified":"2026-03-26T08:04:56","modified_gmt":"2026-03-26T07:04:56","slug":"interessantes-aus-kw-11-2026","status":"publish","type":"post","link":"https:\/\/www.unterstroemt.de\/?p=32284","title":{"rendered":"Interessantes aus KW 11\/2026"},"content":{"rendered":"<p>An dieser Stelle pr\u00e4sentieren wir regelm\u00e4\u00dfig Links, die wir unter der Woche entdeckt haben, zu denen wir selbst nicht mehr viel schreiben m\u00fcssen und die wir teilenswert finden. Viel Spa\u00df beim Lesen und Anschauen!<\/p>\n<p>1. Die AfD ist zwar l\u00e4cherlich, aber dennoch nichts zum Lachen. Nun hat sich bei der bayrischen Kommunalwahl allerdings schon eine am\u00fcsante Anekdote rund um die Blaubraunen zugetragen, \u00fcber die ein <a href=\"https:\/\/www.volksverpetzer.de\/aktuelles\/erlangen-afd-haftstrafe\/\" target=\"_blank\" rel=\"noopener\">Artikel vom <em>Volksverpetzer<\/em><\/a> berichtet: Ein AfD-Kandidat hat sich in Erlangen aufstellen lassen bei der Stadtratswahl, obwohl er bereits eine Freiheitsstrafe von mehr als einem Jahr verb\u00fc\u00dft hat und daher nicht w\u00e4hlbar war. Das hat er allerdings sch\u00f6n verschwiegen, und als das dann rauskam, war es schon zu sp\u00e4t: Die Briefwahl lief schon, und die Wahlzettel waren auch gedruckt. Daher wurden die knapp 10.000 Stimmen f\u00fcr ihn f\u00fcr ung\u00fcltig erkl\u00e4rt, was dazu f\u00fchrte, dass deswegen die Gr\u00fcnen nun einen Sitz mehr im Stadtrat haben aufgrund der neuen Sitzverteilung. Kriminell, verlogen, unf\u00e4hig \u2013 das ist die AfD, wie sie leibt und lebt. [Karl]<\/p>\n<p>2. Spanien geht gerade komplett anders mit dem Thema Migration um als die anderen EU-Staaten, wie Julia Mache in einem <a href=\"https:\/\/www.blaetter.de\/ausgabe\/2026\/maerz\/papiere-statt-abschiebung-spanien-und-die-migration\" target=\"_blank\" rel=\"noopener\">Artikel in den <em>Bl\u00e4ttern f\u00fcr deutsche und internationale Politik<\/em><\/a> erl\u00e4utert: Migranten, die sich irregul\u00e4r in Spanien aufhalten, bekommen nun einen Aufenthaltsstatus, entsprechende Papiere und auch eine Arbeitserlaubnis. Das hat in Spanien auch schon Tradition, weshalb dieses Vorgehen auch von den meisten Parteien (au\u00dfer den Rechtsradikalen), Wirtschafts- und Sozialverb\u00e4nden sowie Unternehmen unterst\u00fctzt wird. Auf diese Weise k\u00f6nnen nicht nur viele Jobs besetzt werden, sondern auch die Binnenwirtschaft wird angekurbelt, sodass Spanien ein respektables Wirtschaftswachstum aufweist. Schlau und Win-win f\u00fcr alle. [Karl]<\/p>\n<p>3. In einem <a href=\"https:\/\/www.fr.de\/wirtschaft\/zum-milliardengrab-67-cent-strom-deutschlands-gasstrategie-wird-zr-94212390.html\" target=\"_blank\" rel=\"noopener\">Kommentar in der <em>Frankfurter Rundschau<\/em><\/a> benennt G\u00fcnther Suchy die Strategie der schlechtesten Bundesregierung, vermehrt auf fossiles Erdgas zu setzen bei der Energieerzeugung, als das, was sie ist: ziemlicher Unsinn, und das nicht nur \u00f6kologisch, sondern auch \u00f6konomisch. Und das kann sogar mit den Zahlen einer neuen Studie unterf\u00fcttert werden, denn wenn man tats\u00e4chlich alle anfallenden Kosten (Subventionen, Ausbau der Kraftwerke, Folgesch\u00e4den) mit in die Rechnung einbezieht, ist Strom aus Gas etwa sieben Mal (!!!) so teuer wie der aus erneuerbaren Energien. Aber klar: So was kommt dabei raus, wenn man eine Gaslobbyistin als Bundeswirtschaftsministerin rumst\u00fcmpern l\u00e4sst. [Karl]<\/p>\n<p>4. Kulturstaatsminister Wolfram Weimer ist nicht nur ein rechter Kulturk\u00e4mpfer, sondern offenbar auch ein Feigling. So hatte er drei Buchhandlungen, die auf der Leipziger Buchmesse mit dem Deutschen Buchhandlungspreis geehrt werden sollten, von der Vergabe ausgeschlossen. Der Grund: Die sind ihm zu links, und angeblich h\u00e4tte der Verfassungsschutz die auch schon auf dem Kieker. In einer Mail an die so Ausgeladenen hat Weimer dann allerdings laut einem <a href=\"https:\/\/www.n-tv.de\/politik\/Anwaelte-Weimer-hat-Buchhandlungen-bei-Preisvergabe-belogen-id30456625.html\" target=\"_blank\" rel=\"noopener\">Artikel von <em>ntv<\/em><\/a> geschrieben, dass sich die Jury f\u00fcr andere Preistr\u00e4ger entschieden h\u00e4tte \u2013 was aber gar nicht stimmt, da die Jury ebenjene drei Buchhandlungen auszeichnen wollte. Wie sch\u00e4big ist das denn bitte? [Karl]<\/p>\n<p>5. Facebook-Konzern Meta bringt eine Brille heraus, und wenig \u00fcberraschend erweist sich das Ding als Albtraum aller Datensch\u00fctzer. Da \u00fcber die Meta-Glasses auch KI trainiert wird, werden die Aufnahmen beispielsweise nach Kenia weitergeleitet, sodass die dortigen Niedriglohnarbeiter dann sehen, was bei Usern der Brille so im Schlaf- oder Badezimmer passiert. Nat\u00fcrlich, ohne dass die Nutzer das wissen. Nun soll, wie aus einem <a href=\"https:\/\/www.rnd.de\/wirtschaft\/meta-ki-brille-private-nacktaufnahmen-an-mitarbeiter-weitergeleitet-CM6RFWPBCBEEXMKMUL6FYHMZ4I.html\" target=\"_blank\" rel=\"noopener\">Artikel vom <em>Redaktionsnetzwerk Deutschland<\/em><\/a> hervorgeht, sogar noch Gesichtserkennung in die Meta-Glasses implementiert werden. Und schon haben wir ein Tool zur Komplett\u00fcberwachung des \u00f6ffentlichen Raums, ohne dass Menschen, die sich dort aufhalten, etwas davon mitbekommen. Das Ganze wird \u00fcbrigens noch mal \u00e4tzender, wenn man wei\u00df, dass Meta-Chef Mark Zuckerberg sich ja vorzugsweise gern im Rektum von US-Machthaber Donald Trump aufh\u00e4lt &#8230; [Karl]<\/p>\n<p>6. Das Portal <em>Nius<\/em> von Julian Reichelt betreibt keinen Journalismus, sondern stumpfe Hetze und Rechtsau\u00dfen-Agitation. In einem <a href=\"https:\/\/uebermedien.de\/114409\/\" target=\"_blank\" rel=\"noopener\">Artikel von <em>\u00dcbermedien<\/em><\/a> beschreibt Annika Schneider anhand eines Videobeitrags von <em>Nius<\/em>, warum man das auch genau so sehen muss. Da werden n\u00e4mlich keinerlei journalistische Standards eingehalten, es wird keine Hintergrundinformation geliefert, sondern es werden einfach nur rassistische Aussagen eines Bundespolizisten, der bei Abschiebefl\u00fcgen dabei ist, wiedergegeben. Solche Interviews haben andere Medien auch schon gef\u00fchrt, aber eben mit einer entsprechenden Einordnung und nicht als allgemeing\u00fcltigen &#8222;Insiderbericht&#8220;, in dem dann sch\u00f6n rassistisches Gedankengut verbreitet wird. Das verst\u00f6\u00dft zwar gegen den Pressekodex, aber den hat man von <em>Nius<\/em> sowieso nicht unterschrieben. Wen wundert&#8217;s &#8230; [Karl]<\/p>\n<p>7. AfDler jammern ja immer, das Schule neutral sein sollte, wenn sich Lehrer beispielsweise pro Demokratie und Grundgesetz \u00e4u\u00dfern. Was die dann unter solcher &#8222;Neutralit\u00e4t&#8220; verstehen, konnte man gerade in Mecklenburg-Vorpommern erleben. Dort hat, wie ein <a href=\"https:\/\/www.ndr.de\/nachrichten\/mecklenburg-vorpommern\/afd-abgeordneter-grimm-schickt-rechtsextreme-comics-an-grundschulen,afd-1050.html\" target=\"_blank\" rel=\"noopener\">Artikel vom NDR<\/a> berichtet, der AfD-Bundestagsabgeordnete Christoph Grimm eine &#8222;B\u00fccherspende&#8220; an Grundschulen geschickt, und darin findet sich dann (wenig \u00fcberraschend) auch ein Comic eines bei Rechtsextremen beliebten Verlags, in dem nationalistische Parolen en masse vorkommen und Gewalt verherrlicht wird. Also genau das Richtige f\u00fcr Siebenj\u00e4hrige \u2013 meint zumindest Grimm. Immerhin hat keine Schule diesen Schmutz angenommen, aber man sieht daran, wie die AfD gern schon die Kleinsten indoktrinieren m\u00f6chte. Ekelhaft! [Karl]<\/p>\n","protected":false},"excerpt":{"rendered":"<p>An dieser Stelle pr\u00e4sentieren wir regelm\u00e4\u00dfig Links, die wir unter der Woche entdeckt haben, zu denen wir selbst nicht mehr viel schreiben m\u00fcssen und die wir teilenswert finden. Viel Spa\u00df beim Lesen und Anschauen!<\/p>\n","protected":false},"author":5,"featured_media":0,"comment_status":"open","ping_status":"open","sticky":false,"template":"","format":"standard","meta":{"footnotes":""},"categories":[193],"tags":[],"class_list":["post-32284","post","type-post","status-publish","format-standard","hentry","category-woechentliches"],"_links":{"self":[{"href":"https:\/\/www.unterstroemt.de\/index.php?rest_route=\/wp\/v2\/posts\/32284","targetHints":{"allow":["GET"]}}],"collection":[{"href":"https:\/\/www.unterstroemt.de\/index.php?rest_route=\/wp\/v2\/posts"}],"about":[{"href":"https:\/\/www.unterstroemt.de\/index.php?rest_route=\/wp\/v2\/types\/post"}],"author":[{"embeddable":true,"href":"https:\/\/www.unterstroemt.de\/index.php?rest_route=\/wp\/v2\/users\/5"}],"replies":[{"embeddable":true,"href":"https:\/\/www.unterstroemt.de\/index.php?rest_route=%2Fwp%2Fv2%2Fcomments&post=32284"}],"version-history":[{"count":12,"href":"https:\/\/www.unterstroemt.de\/index.php?rest_route=\/wp\/v2\/posts\/32284\/revisions"}],"predecessor-version":[{"id":32349,"href":"https:\/\/www.unterstroemt.de\/index.php?rest_route=\/wp\/v2\/posts\/32284\/revisions\/32349"}],"wp:attachment":[{"href":"https:\/\/www.unterstroemt.de\/index.php?rest_route=%2Fwp%2Fv2%2Fmedia&parent=32284"}],"wp:term":[{"taxonomy":"category","embeddable":true,"href":"https:\/\/www.unterstroemt.de\/index.php?rest_route=%2Fwp%2Fv2%2Fcategories&post=32284"},{"taxonomy":"post_tag","embeddable":true,"href":"https:\/\/www.unterstroemt.de\/index.php?rest_route=%2Fwp%2Fv2%2Ftags&post=32284"}],"curies":[{"name":"wp","href":"https:\/\/api.w.org\/{rel}","templated":true}]}}