{"id":32531,"date":"2026-04-26T17:44:18","date_gmt":"2026-04-26T15:44:18","guid":{"rendered":"https:\/\/www.unterstroemt.de\/?p=32531"},"modified":"2026-04-26T17:44:18","modified_gmt":"2026-04-26T15:44:18","slug":"interessantes-aus-kw-17-2026","status":"publish","type":"post","link":"https:\/\/www.unterstroemt.de\/?p=32531","title":{"rendered":"Interessantes aus KW 17\/2026"},"content":{"rendered":"<p>An dieser Stelle pr\u00e4sentieren wir regelm\u00e4\u00dfig Links, die wir unter der Woche entdeckt haben, zu denen wir selbst nicht mehr viel schreiben m\u00fcssen und die wir teilenswert finden. Viel Spa\u00df beim Lesen und Anschauen!<\/p>\n<p>1. <em>Der Dunkle Parabelritter<\/em> hat sich in einem etwa halbst\u00fcndigen <a href=\"https:\/\/www.youtube.com\/watch?v=r1Xyu45k4is\" target=\"_blank\" rel=\"noopener\">Video auf seinem YouTube-Kanal<\/a> mal mit Bundeswirtschaftsministerin Katherina &#8222;Gas-Kathi&#8220; Reiche besch\u00e4ftigt und ist dabei auch einige Jahre zur\u00fcckgegangen. Und daran wird deutlich: Das derzeitige Desaster, was sie in ihrem Amt anrichtet, ist kein Zu- oder Einzelfall, sondern das zieht sich durch ihre gesamte Karriere. Ein Kanzler, der so einer Person einen derartig wichtigen Posten gibt, f\u00fchrt in jedem Fall nichts Gutes im Schilde. Was daran auch deutlich wird: Um in der CDU Karriere zu machen, braucht es vor allem einen reichlich sch\u00e4bigen Charakter. Unterhaltsam und kurzweilig pr\u00e4sentiert, wenngleich der Inhalt alles andere als zum Lachen ist. [Karl]<\/p>\n<p>2. Smartphone-, Internet- oder Social-Media-Sucht \u2013 wie man es auch bezeichnen mag, es ist ein immer h\u00e4ufiger auftretendes Ph\u00e4nomen, und vor allem Jugendlich sind davon betroffen. Warum gerade sie daf\u00fcr so anf\u00e4llig sind, woran man ein solches Suchtverhalten erkennt und was man dann dagegen machen kann, wird in einem <a href=\"https:\/\/www.apotheken-umschau.de\/gesund-bleiben\/psyche\/internetsucht-bei-jugendlichen-anzeichen-und-hilfe-1504107.html\" target=\"_blank\" rel=\"noopener\">Artikel der <em>Apotheken Umschau<\/em><\/a> thematisiert. Besonders problematisch wird es nat\u00fcrlich, wenn auch die Eltern solcher Jugendlicher ein sch\u00e4dliches Verhalten bei der Nutzung ihres Smartphone an den Tag legen. Ein Zeitgeistph\u00e4nomen, auf das ich gern verzichten k\u00f6nnte. [Karl]<\/p>\n<p>3. Viktor Orb\u00e1n wurde in Ungarn mit deutlicher Mehrheit abgew\u00e4hlt, der neue Ministerpr\u00e4sident wird P\u00e9ter Magyar. Dieser ist zwar auch eher konservativ ausgerichtet, weswegen die Begeisterung gerade von vielen Linken sich eher in Grenzen h\u00e4lt. Das sei aber nicht angebracht, so Natascha Strobl in einem <a href=\"https:\/\/taz.de\/Wie-die-Opposition-Orban-besiegen-konnte\/!6168144\/\" target=\"_blank\" rel=\"noopener\">Essay in der <em>taz<\/em>,<\/a> denn Orb\u00e1n hatte nicht einfach nur einer Regierung vorgestanden, sondern ein antidemokratisches System etabliert, dass es der Opposition eigentlich verunm\u00f6glichen sollte, jemals wieder einen Wahlsieg einzufahren. Wie es Magyar dennoch gelang, erfolgreich gegen dieses umfassende System anzukommen, zeigt, dass man rechten Despoten eben mit anderen Strategien beikommen kann als denen, die sie selbst vorgeben. [Karl]<\/p>\n<p>4. Wenig \u00dcberraschendes schildert ein <a href=\"https:\/\/www.kicker.de\/eine-schande-kritik-an-wm-transportkosten-waechst-1210902\/artikel\" target=\"_blank\" rel=\"noopener\">Artikel vom <em>kicker<\/em><\/a>: Bei der Fu\u00dfball-WM in den USA in diesem Sommer werden die Fans f\u00fcr Fahrten mit Bus und Bahn zu den Stadien richtig geschr\u00f6pft. Daran gibt es nun zwar von vielen Seiten Kritik, aber ich tippe mal, dass sich daran nichts \u00e4ndern wird. Schlie\u00dflich ist die FIFA ja vor allem daran interessiert, sehr viel Geld mit ihren Events zu machen, und die Fans geben dabei ja nur allzu gern die Melkk\u00fche und machen jeden Mist mit. Insofern: selbst schuld, wenn man sich zum Turnier eines derart widerw\u00e4rtigen Verbandes wie der FIFA begibt. [Karl]<\/p>\n<p>5. Nachdem Donald Trump 2024 bei einer Veranstaltung im US-Pr\u00e4sidentschaftswahlkampf von einem Attent\u00e4ter verletzt wurde, kamen vor allem bei Politikern der Demokraten Zweifel daran auf, ob das Ganze nicht eventuell nur eine Inszenierung gewesen sein k\u00f6nnte, um so mehr Stimmen einzufangen. Ein Untersuchungskommission hat zwar best\u00e4tigt, dass es ein echter Anschlag war, aber nun kommen laut einem <a href=\"https:\/\/www.stern.de\/politik\/ausland\/alles-nur-show--maga-zweifelt-am-anschlag-auf-donald-trump-37323978.html\" target=\"_blank\" rel=\"noopener\">Artikel im <em>Stern<\/em><\/a> auch immer mehr MAGA-Anh\u00e4ngern und solchen, die das mal waren, Zweifel. Und tats\u00e4chlich finde ich auch, dass es da einige Ungereimtheiten gibt, und zwar sowohl beim Anschlag selbst als auch bei Trumps Verhalten danach. Aber sollte das tats\u00e4chlich eine gefakte Aktion gewesen sein, wird das vermutlich eher nie ans Licht der \u00d6ffentlichkeit gelangen. [Karl]<\/p>\n<p>6. Eine Regierungsmehrheit f\u00fcr Rot-Rot-Gr\u00fcn auf Bundesebene ist zurzeit absolut nicht in Sicht. Dennoch finden sich zuweilen Vertreter von SPD, Gr\u00fcnen und Linken zusammen, um gemeinsam zu podcasten. Und dabei geht es dann, wie ein <a href=\"https:\/\/taz.de\/Linke-SPD-und-Gruene-am-Mikrofon\/!6168166\/\" target=\"_blank\" rel=\"noopener\">Artikel der <em>taz<\/em><\/a> berichtet, oft weniger um Differenzen, sondern um Gemeinsamkeiten. Der Vorteil solcher Formate: Es gibt dabei keine Journalisten, die oft darauf aus sind, ebenjene Unterschiede zu betonen und so Konflikte zu provozieren. Wichtig w\u00e4re eine Ann\u00e4herung der drei Parteien in jedem Fall, sonst droht uns demn\u00e4chst noch eine schwarz-blaue (oder gar blau-schwarze) Bundesregierung. [Karl]<\/p>\n<p>7. Im neuen Polizeigesetz von Nordrhein-Westfalen geht es auch um automatisierte Datenanalyse, teilweise soll diese mithilfe von k\u00fcnstlicher Intelligenz (KI) erfolgen, zudem soll sogar noch KI-Training erlaubt werden. Dass das alles so nicht verfassungskonform ist, hat die Datenschutzbeauftragte des Landes Bettina Gayk festgestellt und auch in aller Deutlichkeit angemerkt, so ein <a href=\"https:\/\/netzpolitik.org\/2026\/automatisierte-datenanalyse-in-nrw-palantir-gesetz-nicht-verfassungskonform\/\" target=\"_blank\" rel=\"noopener\">Artikel von <em>Netzpolitik.org<\/em><\/a>. Allerdings werden diese Bedenken leider komplett ignoriert. Zumindest will man aber wohl bald einen anderen Anbieter nutzen als Palantir, das Unternehmen des US-amerikanischen Antidemokraten und Oligarchen Peter Thiel. Allerdings frage ich mich, warum man \u00fcberhaupt eine Datenschutzbeauftragte hat, wenn man deren Expertise so grob missachtet. [Karl]<\/p>\n<p>8. Mittlerweile findet sich in etwa jedem vierten Haushalt in Deutschland mindestens ein Smartspeaker. Die Dinger bieten zwar einige Bequemlichkeiten, allerdings h\u00f6ren die eben auch gern mal alles mit, was so in ihrer N\u00e4he gesprochen wird, und das auch, wenn sie nicht \u00fcber ein Signalwort aktiviert wurden, wie ein <a href=\"https:\/\/www.deutschlandfunknova.de\/beitrag\/smartspeaker-die-usa-hoeren-mit-und-nicht-nur-die\" target=\"_blank\" rel=\"noopener\">Artikel von <em>Deutschlandfunk Nova<\/em><\/a> berichtet. Diese Infos gelangen dann nicht nur zu Konzernen wie Amazon, wo sie ohne begrenzende Frist gespeichert werden k\u00f6nnen, sondern dank des US-Cloud-Acts kann es auch passieren, dass solche Gespr\u00e4che dann an US-Geheimdienste weitergereicht werden. Vielleicht sind Smartspeaker ja doch keine so smarte Sache \u2013 zumindest f\u00fcr die User. [Karl]<\/p>\n<p>9. Zweimal hat&#8217;s schon nicht geklappt, jetzt versucht es die schlechteste Bundesregierung aller Zeiten erneut: Die anlasslose Vorratsdatenspeicherung soll eingef\u00fchrt werden. Fachleute aus der IT-Wirtschaft oder auch Juristen kritisieren laut einem <a href=\"https:\/\/netzpolitik.org\/2026\/dritter-versuch-bundesregierung-beschliesst-anlasslose-vorratsdatenspeicherung\/\" target=\"_blank\" rel=\"noopener\">Artikel von <em>Netzpolitik.org<\/em><\/a> das Ganze als unverh\u00e4ltnism\u00e4\u00dfig, wenig zielf\u00fchrend sowie zudem verfassungs- und europarechtswidrig, und auch vonseiten der Gr\u00fcnen und der Linken wird kein gutes Haar an dem Unfug gelassen. Vor allem brisant: Wenn beispielsweise die AfD an die Regierung kommen oder daran beteiligt sein w\u00fcrde, k\u00f6nnten die dank der Vorratsdatenspeicherung Polizeien anweisen, politische Gegner ausfindig zu machen. Hoffentlich wird das wieder gerichtlich einkassiert, so wie bei den ersten zwei Anl\u00e4ufen. [Karl]<\/p>\n<p>10. Die NPD hei\u00dft jetzt &#8222;Die Heimat&#8220; und versucht gerade, in Essen-Kray einen Neonazikiez zu etablieren. Daher soll dort am 1. Mai ein Aufmarsch von einigen Hundert Rechtsextremen stattfinden, dem sich allerdings lokale Initiativen entgegenstellen wollen, wie ein <a href=\"https:\/\/taz.de\/Drohender-Neonaziaufmarsch\/!6173424\/\" target=\"_blank\" rel=\"noopener\">Artikel in der <em>taz<\/em><\/a> berichtet. Die Neonazis bekommen allerdings Support von der Polizei, denn die will die Demo-Route nicht rausr\u00fccken, was den Protest gegen den brauen Aufmarsch erschweren d\u00fcrfte. Ob das nun aus Bequemlichkeit oder aus Sympathie f\u00fcr die Rechtsextremen geschieht, sei mal dahingestellt, in jedem Fall ist es schon hart, dass die Polizei mal wieder als Gegner der Demokratie auftritt. [Karl]<\/p>\n<p>11. Selbst Wirtschaftsverb\u00e4nde bekommen mittlerweile mit, dass Bundeswirtschaftsministerin Katherina &#8222;Gas-Kathi&#8220; Reiche absolut nichts taugt. Das wurde gerade deutliche auf der Hannover Messe, als Reiche dort zusammen mit Bundeskanzler Friedrich &#8222;Fritzpiepe&#8220; Merz (der mal wieder f\u00fcr einige t\u00e4ppische Peinlichkeiten zust\u00e4ndig war, die in einem <a href=\"https:\/\/www.fr.de\/politik\/wuenscht-sprechzettelministerin-reiche-warum-die-industrie-sich-habeck-zurueck-zr-94277213.html\" target=\"_blank\" rel=\"noopener\">Artikel der <em>Frankfurter Rundschau<\/em><\/a> auch erw\u00e4hnt werden) unterwegs war und eigentlich positive Stimmung verbreiten wollte. Das ist nur leider nicht gelungen, denn mittlerweile checken auch Wirtschaftsvertreter, dass Reiche keine Ahnung von irgendwas hat, sodass sie immer nur vorgefertigte Sperchzettel-Statements abliest, und demzufolge auch nicht in der Lage ist, vern\u00fcnftige Dialoge zu f\u00fchren. Viele aus der Industrie w\u00fcnschen sich mittlerweile schon Reiches Vorg\u00e4nger Robert Habeck (Gr\u00fcne) zur\u00fcck, denn der seit wenigstens dialogbereit gewesen und h\u00e4tte an seiner Kompetenz gearbeitet. [Karl]<\/p>\n<p>12. Die chinesischen Onlineh\u00e4ndler Temu und Shein haben durchaus zu Recht einen schlechten Ruf, allerdings kaufen doch viele Deutsche dort ein, weil es eben billig ist. Damit schaden sie allerdings der heimischen Wirtschaft auf vielf\u00e4ltige Weise, wie eine\u00a0Analyse im Auftrag des Handelsverbands Deutschland (HDE) ergeben hat, \u00fcber die ein <a href=\"https:\/\/www.zeit.de\/wirtschaft\/2026-04\/wirtschaft-temu-shein-arbeitsplaetze-deutschland-gxe\" target=\"_blank\" rel=\"noopener\">Artikel von <em>Zeit Online<\/em><\/a> berichtet. So wurden gesch\u00e4tzt mehr als 40.000 Arbeitspl\u00e4tze in Deutschland vernichtet durch Temu- und Shein-Eink\u00e4ufe, und es sind j\u00e4hrliche Minderums\u00e4tze im Einzelhandel von etwa 2,5 Milliarden Euro aufgetreten. Dazu kommt dann noch mal etwa genauso viel Geld, was weniger an Miete oder an Zulieferer gezahlt wurde, sowie verminderte Steuereinnahmen. Aber &#8222;Geiz ist geil&#8220; z\u00e4hlt hier f\u00fcr viele mehr als solche \u00dcberlegungen. [Karl]<\/p>\n<p>13. Die Atlantische Umw\u00e4lzstr\u00f6mung AMOC, auch als &#8222;Golfstrom&#8220; bekannt, schw\u00e4cht sich aufgrund des Klimawandels ab. Und das, so ein <a href=\"https:\/\/www.geo.de\/wissen\/forschung-und-technik\/amoc--der-atlantikstrom-bricht-ein---und-bringt-europa-kaeltere-winter-37336942.html\" target=\"_blank\" rel=\"noopener\">Artikel im <em>Geo<\/em><\/a>, laut einer neuen Studie der Universit\u00e4t Bordeaux wohl deutlich st\u00e4rker als bisher angenommen. Das k\u00f6nnte vor allem f\u00fcr Nordeuropa gravierende Folgen haben, denn hier w\u00fcrde es dann deutlich k\u00e4lter werden. Zudem k\u00f6nnte das dann weitere negative Klimaeffekte in Form einer Kettenreaktion ausl\u00f6sen, die noch mehr CO2 in die Atmosph\u00e4re br\u00e4chten und somit die Klimakrise weiter beschleunigten. Keine wirklich guten Aussichten. [Karl]<\/p>\n<p>14. Die Todesstrafe gibt es in den USA nicht in allen Bundesstaaten. Das Trump-Regime m\u00f6chte, so eine <a href=\"https:\/\/www.rnd.de\/politik\/usa-trump-regierung-will-hinrichtungen-durch-erschiessungskommando-erlauben-2XIFHZWJT5AXDGGMM26H65VIFM.html\" target=\"_blank\" rel=\"noopener\">Meldung des <em>RedaktionsNetzwerks Deutschland<\/em><\/a>, dass das nun wieder im gesamten Land eingef\u00fchrt wird \u2013 gern auch mit Erschie\u00dfungskommandos. Tja, Faschisten machen halt Faschistensachen &#8230; [Karl]<\/p>\n<p>15. Der Parit\u00e4tische Gesamtverband hat Pl\u00e4ne der schlechtesten Bundesregierung aller Zeiten geleakt, aus denen hervorgeht, wo demn\u00e4chst noch mal Geld eingespart werden soll: bei Kindern und Jugendlichen, Menschen mit Behinderungen sowie Familien, hier vor allem bei Alleinerziehenden. In einem <a href=\"https:\/\/www.fr.de\/politik\/kuerzungsplaene-merz-regierung-menschen-mit-behinderungen-chancen-erschweren-unethisch-94277264.html\" target=\"_blank\" rel=\"noopener\">Interview mit der <em>Frankfurter Rundschau<\/em><\/a> ordnet die Erziehungswissenschaftlerin Vera Moser dieses Ansinnen ein und kommt zu dem Schluss, dass das zum einen nur schwer mit der UN-Behindertenrechtskonvention in Einklang zu bringen sein d\u00fcrfte, dass hier jungen Menschen im gro\u00dfen Stil die Zukunft verbaut wird und dass das Ganze schlichtweg &#8222;unethisch&#8220; sei. Leider typisch f\u00fcr Fritzpiepe Merz und seine St\u00fcmperbande. [Karl]<\/p>\n<p>16. Reza Pahlavi, der Sohn des ehemaligen iranischen Terrorregime-Monarchen, war gerade in Berlin. Dort gab es eine gro\u00dfe Demonstration, die sich f\u00fcr eine Unterst\u00fctzung von Deutschland und der EU aussprach, um den Schah-Sohn zum neuen Herrscher im Iran zu machen. Allerdings gab es laut einem <a href=\"https:\/\/www.fr.de\/politik\/kuerzungsplaene-merz-regierung-menschen-mit-behinderungen-chancen-erschweren-unethisch-94277264.html\" target=\"_blank\" rel=\"noopener\">Artikel der <em>taz<\/em><\/a> auch einige Gegendemonstranten, die Pahlavi sehr kritisch sehen und sich lieber einen demokratischen Herrscher im Iran w\u00fcnschen, der tats\u00e4chlich in den letzten Jahren auch dort gelebt hat und nicht wie Pahlavi schon jahrelang nicht mehr dort war. Woran man sieht, dass die Opposition im Iran keineswegs homogen ist. Unterst\u00fctzt werden sollte die m. E. aber dennoch von unserer Regierung. [Karl]<\/p>\n<p>17. In einem <a href=\"https:\/\/www.zdfheute.de\/politik\/ausland\/iran-krieg-stimmung-im-land-100.html\" target=\"_blank\" rel=\"noopener\">Artikel von <em>ZDF heute<\/em><\/a> kommen drei Menschen aus dem Iran zu Wort, die schildern, wie sie die Situation dort zurzeit erleben. Schon vor Beginn des Angriffskriegs der USA und Israels gegen den Iran war das Leben dort f\u00fcr viele nicht einfach, und das nicht nur wegen des repressiven Mullah-Regimes, sondern auch aufgrund der wirtschaftlichen Probleme, die auch von den Sanktionen gegen das Land herr\u00fchren. Klar wird aus den \u00c4u\u00dferungen, dass das Regime durch den Krieg nicht geschw\u00e4cht wurde, sondern dass es nur einige Umstrukturierungen gab, die aber zu keinen Verbesserungen f\u00fcr die Menschen im Iran f\u00fchrten. Wichtig, sich auch mal solche inneriranischen Perspektiven bewusst zu machen. [Karl]<\/p>\n<p>&nbsp;<\/p>\n","protected":false},"excerpt":{"rendered":"<p>An dieser Stelle pr\u00e4sentieren wir regelm\u00e4\u00dfig Links, die wir unter der Woche entdeckt haben, zu denen wir selbst nicht mehr viel schreiben m\u00fcssen und die wir teilenswert finden. Viel Spa\u00df beim Lesen und Anschauen!<\/p>\n","protected":false},"author":5,"featured_media":0,"comment_status":"open","ping_status":"open","sticky":false,"template":"","format":"standard","meta":{"footnotes":""},"categories":[193],"tags":[],"class_list":["post-32531","post","type-post","status-publish","format-standard","hentry","category-woechentliches"],"_links":{"self":[{"href":"https:\/\/www.unterstroemt.de\/index.php?rest_route=\/wp\/v2\/posts\/32531","targetHints":{"allow":["GET"]}}],"collection":[{"href":"https:\/\/www.unterstroemt.de\/index.php?rest_route=\/wp\/v2\/posts"}],"about":[{"href":"https:\/\/www.unterstroemt.de\/index.php?rest_route=\/wp\/v2\/types\/post"}],"author":[{"embeddable":true,"href":"https:\/\/www.unterstroemt.de\/index.php?rest_route=\/wp\/v2\/users\/5"}],"replies":[{"embeddable":true,"href":"https:\/\/www.unterstroemt.de\/index.php?rest_route=%2Fwp%2Fv2%2Fcomments&post=32531"}],"version-history":[{"count":15,"href":"https:\/\/www.unterstroemt.de\/index.php?rest_route=\/wp\/v2\/posts\/32531\/revisions"}],"predecessor-version":[{"id":32565,"href":"https:\/\/www.unterstroemt.de\/index.php?rest_route=\/wp\/v2\/posts\/32531\/revisions\/32565"}],"wp:attachment":[{"href":"https:\/\/www.unterstroemt.de\/index.php?rest_route=%2Fwp%2Fv2%2Fmedia&parent=32531"}],"wp:term":[{"taxonomy":"category","embeddable":true,"href":"https:\/\/www.unterstroemt.de\/index.php?rest_route=%2Fwp%2Fv2%2Fcategories&post=32531"},{"taxonomy":"post_tag","embeddable":true,"href":"https:\/\/www.unterstroemt.de\/index.php?rest_route=%2Fwp%2Fv2%2Ftags&post=32531"}],"curies":[{"name":"wp","href":"https:\/\/api.w.org\/{rel}","templated":true}]}}