{"id":32570,"date":"2026-05-03T12:41:35","date_gmt":"2026-05-03T10:41:35","guid":{"rendered":"https:\/\/www.unterstroemt.de\/?p=32570"},"modified":"2026-05-03T12:41:35","modified_gmt":"2026-05-03T10:41:35","slug":"interessantes-aus-kw-18-2026","status":"publish","type":"post","link":"https:\/\/www.unterstroemt.de\/?p=32570","title":{"rendered":"Interessantes aus KW 18\/2026"},"content":{"rendered":"<p>An dieser Stelle pr\u00e4sentieren wir regelm\u00e4\u00dfig Links, die wir unter der Woche entdeckt haben, zu denen wir selbst nicht mehr viel schreiben m\u00fcssen und die wir teilenswert finden. Viel Spa\u00df beim Lesen und Anschauen!<\/p>\n<p>1. Stefan Etgeton analysiert in einem <a href=\"https:\/\/www.blaetter.de\/ausgabe\/2026\/april\/zwischen-germano-putinismus-und-nationalmasochismus\" target=\"_blank\" rel=\"noopener\">Artikel in den <em>Bl\u00e4ttern f\u00fcr deutsche und internationale Politik<\/em><\/a> mal das AfD-Wahlprogramm von Sachsen-Anhalt. Und kommt dabei zu dem Schluss, dass das nicht nur in Teilen reichlich rechtsextrem ist, sondern mitunter auch komplett widerspr\u00fcchlich. Es entsteht so der Eindruck, dass es vor allem darum geht, markige Statements abzulassen, um Stimmung zu machen, und es dabei komplett egal ist, ob \u00fcberhaupt ein stimmiges politisches Gesamtkonzept vorhanden ist. Und so ein Schrott wird von vielen Menschen gew\u00e4hlt \u2013 m\u00fcndiges B\u00fcrgertum geht in jedem Fall komplett anders. [Karl]<\/p>\n<p>2. Long Covid und ME\/CFS sind nach wie vor ein Thema, was nur sehr randst\u00e4ndig im \u00f6ffentlichen Diskurs behandelt wird. Dabei leiden circa 1,4 Millionen Menschen in Deutschland an dieser Folgeerkrankung einer Covid-Infektion, was laut einer Studie der Stiftung ME\/CFS Research Foundation und des Risikomodellierers Risklayer im Jahr 2025 gesellschaftliche Gesamtkosten in H\u00f6he von 64,4 Milliarden Euro zur Folge hatte. Das Problem dabei ist, wie ein <a href=\"https:\/\/www.manager-magazin.de\/lifestyle\/leute\/long-covid-und-me-cfs-neue-zahlen-zeigen-enorme-volkswirtschaftliche-kosten-a-ba6b3017-7dca-47ee-b0ca-71713ea6b154\" target=\"_blank\" rel=\"noopener\">Artikel im <em>manager magazin<\/em><\/a> schildert, dass es bisher noch keine wirksame Therapie f\u00fcr diese Erkrankung gibt. Zwar gibt es F\u00f6rdermittel f\u00fcr die Forschung, aber diese scheinen mir noch l\u00e4ngst nicht ausreichend zu sein. [Karl]<\/p>\n<p>3. Der Lungenfacharzt und COPD-Experte Emiel Wouters erl\u00e4utert in einem <a href=\"https:\/\/www.derstandard.at\/story\/3000000317776\/lungen-spezialist-wir-schaffen-gerade-eine-neue-generation-von-nikotinabhaengigen\" target=\"_blank\" rel=\"noopener\">Interview mit dem <em>Standard<\/em><\/a>, welche Gefahren von E-Zigaretten ausgehen. Diese w\u00fcrden zwar weniger oder vielmehr andere Schadstoffe enthalten als klassische Zigaretten, allerdings seien da noch keine Langzeituntersuchungen vorhanden, was das Zeug bei der Inhalation so alles anrichten kann. Zudem nimmt man auch beim Vapen oder Heaten Nikotin auf, und das macht eben extrem abh\u00e4ngig. Neben mehr staatlicher Regulierung in diesem Bereich pl\u00e4diert Wouters f\u00fcr eine andere, ganzheitlichere Sichtweise in der Medizin, in der Pr\u00e4vention beispielsweise nicht nur als Kostenfaktor gesehen wird, sondern als Investition. [Karl]<\/p>\n<p>4. Von Bundeswirtschaftsministerin Katherina &#8222;Gas-Kathi&#8220; Reiche (CDU) gibt es regelm\u00e4\u00dfig Unsch\u00f6nes zu berichten. So auch jetzt wieder: Ein vom Bundeswirtschaftsministerium (allerdings der vorherigen Regierung) in Auftrag gegebene Studie zu Windkraft- und Solaranlagen hat ergeben, dass davon vor allem l\u00e4ndliche Gemeinden auf vielf\u00e4ltige Weise profitieren k\u00f6nnten: mehr Arbeitspl\u00e4tze bei regionalen Unternehmen, mehr Unternehmensansiedlungen, dadurch dann auch mehr Steuereinnahmen und bei B\u00fcrgerenergiegesellschaften auch g\u00fcnstigerer Strom f\u00fcr die dort Lebenden. Das gef\u00e4llt Gas-Kathi nat\u00fcrlich gar nicht, und so hat sie, wie ein <a href=\"https:\/\/www.t-online.de\/finanzen\/energie\/id_101226464\/wirtschaftswachstum-durch-energiewende-reiche-laesst-studie-verschwinden.html\" target=\"_blank\" rel=\"noopener\">Artikel von <em>t-online<\/em><\/a> berichtet, diese Studie erst einmal weitestgehend verschwinden lassen. Das versteht sie also unter der auch von ihr immer wieder propagierten &#8222;Technologieoffenheit&#8220;. [Karl]<\/p>\n<p>5. AfD-W\u00e4hler sind in der Regel ziemliche Einfaltspinsel. Und so werden sie eben auch von entsprechenden Inhalten in den sozialen Medien adressiert, wie eine <a href=\"https:\/\/correctiv.org\/faktencheck\/hintergrund\/2026\/04\/28\/wie-ki-frauen-fuer-afd-und-erotik-werben-tiktok\/\" target=\"_blank\" rel=\"noopener\"><em>Correctiv<\/em>-Recherche<\/a> herausgefunden hat. Zahlreiche Profile von jungen Frauen, die zum einen f\u00fcr kostenpflichtige Erotikangebote werben und zum anderen die AfD und deren rechte Inhalte super finden, sind offenbar KI-generiert oder zumindest stark KI-bearbeitet, ohne dass das gekennzeichnet wird. So liefert man AfD-Trotteln Inhalte, die sie in ihrem Weltbild best\u00e4rken, und versucht gleichzeitig noch, denen ein bisschen Kohle f\u00fcr erotische Inhalte aus dem Kreuz zu leiern. Armselig, durchtrieben und symptomatisch daf\u00fcr, dass so was wie KI vor allem auch von Leuten genutzt wird, die nichts Gutes damit im Schilde f\u00fchren. [Karl]<\/p>\n<p>6. Die Deutschen sollen immer sp\u00e4ter in Rente gehen, weil sie ja schlie\u00dflich auch l\u00e4nger leben w\u00fcrden. So lautet zumindest eine beliebte Begr\u00fcndung von Neoliberalen, um die Rente weiter zu demontieren. Allerdings hat das Ganze einen Haken, wie aus einem <a href=\"https:\/\/taz.de\/Hoeheres-Rentenalter\/!6175381\/\" target=\"_blank\" rel=\"noopener\">Artikel in der <em>taz<\/em><\/a> hervorgeht: Die durchschnittliche Lebenserwartung hinkt der Anhebung des Eintrittsalters in die gesetzlichen Rente doch um einiger hinterher. Daraus ergibt sich, dass die Deutschen in der EU mit am l\u00e4ngsten arbeiten, aber eine der k\u00fcrzesten Lebenserwartungen haben. Und wieder mal eine Merz-Erz\u00e4hlung, deren Logik sich bei genauerer Betrachtung in Luft aufl\u00f6st. [Karl]<\/p>\n<p>7. In Schweden will die konservative Regierung das Alter der Strafm\u00fcndigkeit auf 13 Jahre absenken, wie ein <a href=\"https:\/\/www.derstandard.at\/story\/3000000318328\/schweden-experimentiert-mit-13-jaehrigen-verbrechern\" target=\"_blank\" rel=\"noopener\">Artikel im <em>Standard<\/em><\/a> berichtet. Experten von der Polizei und der Jugendarbeit sehen darin eine wenig zielf\u00fchrende Ma\u00dfnahmen. Zwar gab es in letzter Zeit immer wieder Berichte \u00fcber sehr junge Gangmitglieder, die Morde begangen haben, aber generell sei auch in Problembezirken die Kriminalit\u00e4t von Gangs eher r\u00fcckl\u00e4ufig. Zudem w\u00fcrden entsprechende Pr\u00e4ventivangebote, die Jugendliche aus armen Familien mit schlechten Perspektiven auffangen, und eine b\u00fcrgernahe Polizeiarbeit deutlich vielversprechendere Ergebnisse zeitigen. Aber davon wollen Konservative und Rechte ja leider nicht was h\u00f6ren. [Karl]<\/p>\n<p>8. In einem <a href=\"https:\/\/taz.de\/Wissenschaftlerin-ueber-KI-Propaganda\/!6174983\/\" target=\"_blank\" rel=\"noopener\">Interview mit der <em>taz<\/em><\/a> spricht die Politik- und Wirtschaftswissenschaftlerin Katharina Nocun \u00fcber den immer st\u00e4rker zunehmenden Einsatz von KI in der Kommunikation in sozialen Medien. Dabei werden eigentlich brutale Inhalte teilweise mit einer verniedlichenden \u00c4sthetik dargestellt, und dann gibt es immer mehr Fake-Charaktere, die sich zu politischen Themen \u00e4u\u00dfern oder auch Umfragen machen, die komplett KI-generiert sind. Das Problem dabei: Immer mehr Leute fallen darauf rein, und andererseits werden aber auch tats\u00e4chlich reale Geschehnisse nicht mehr geglaubt, weil man sie f\u00fcr KI-generiert h\u00e4lt. Hier m\u00fcsste endlich mal st\u00e4rker regulierend von der Politik eingegriffen werden \u2013 wenn es daf\u00fcr nicht schon l\u00e4ngst zu sp\u00e4t ist. [Karl]<\/p>\n<p>9. In Mecklenburg-Vorpommern sollte gerade die Landesverfassung entsprechend ge\u00e4ndert werden, damit nach der Wahl im September die AfD, sollte sie dann \u00fcber mindestens ein Drittel der Sitze im Parlament verf\u00fcgen, nicht die parlamentarischen Prozesse, f\u00fcr die es eine Zweidrittelmehrheit braucht, blockieren kann. Klingt erst mal vern\u00fcnftig, denn in Th\u00fcringen geschieht schon genau das. Nun str\u00e4ubt sich allerdings laut einem <a href=\"https:\/\/taz.de\/Landtagswahl-in-Mecklenburg-Vorpommern\/!6174768\/\" target=\"_blank\" rel=\"noopener\">Artikel in der <em>taz<\/em><\/a> die CDU gegen dieses Vorhaben \u2013 mit den \u00fcblichen etwas stupiden Schlagworten. Dabei d\u00fcrften vor allem wahltaktische Gr\u00fcnde hinter dieser Blockadehaltung stehen. Woran man mal wieder sieht, dass die CDU kein Problem damit hat, zum Totengr\u00e4ber der Demokratie zu werden. [Karl]<\/p>\n","protected":false},"excerpt":{"rendered":"<p>An dieser Stelle pr\u00e4sentieren wir regelm\u00e4\u00dfig Links, die wir unter der Woche entdeckt haben, zu denen wir selbst nicht mehr viel schreiben m\u00fcssen und die wir teilenswert finden. Viel Spa\u00df beim Lesen und Anschauen!<\/p>\n","protected":false},"author":5,"featured_media":0,"comment_status":"open","ping_status":"open","sticky":false,"template":"","format":"standard","meta":{"footnotes":""},"categories":[193],"tags":[],"class_list":["post-32570","post","type-post","status-publish","format-standard","hentry","category-woechentliches"],"_links":{"self":[{"href":"https:\/\/www.unterstroemt.de\/index.php?rest_route=\/wp\/v2\/posts\/32570","targetHints":{"allow":["GET"]}}],"collection":[{"href":"https:\/\/www.unterstroemt.de\/index.php?rest_route=\/wp\/v2\/posts"}],"about":[{"href":"https:\/\/www.unterstroemt.de\/index.php?rest_route=\/wp\/v2\/types\/post"}],"author":[{"embeddable":true,"href":"https:\/\/www.unterstroemt.de\/index.php?rest_route=\/wp\/v2\/users\/5"}],"replies":[{"embeddable":true,"href":"https:\/\/www.unterstroemt.de\/index.php?rest_route=%2Fwp%2Fv2%2Fcomments&post=32570"}],"version-history":[{"count":11,"href":"https:\/\/www.unterstroemt.de\/index.php?rest_route=\/wp\/v2\/posts\/32570\/revisions"}],"predecessor-version":[{"id":32590,"href":"https:\/\/www.unterstroemt.de\/index.php?rest_route=\/wp\/v2\/posts\/32570\/revisions\/32590"}],"wp:attachment":[{"href":"https:\/\/www.unterstroemt.de\/index.php?rest_route=%2Fwp%2Fv2%2Fmedia&parent=32570"}],"wp:term":[{"taxonomy":"category","embeddable":true,"href":"https:\/\/www.unterstroemt.de\/index.php?rest_route=%2Fwp%2Fv2%2Fcategories&post=32570"},{"taxonomy":"post_tag","embeddable":true,"href":"https:\/\/www.unterstroemt.de\/index.php?rest_route=%2Fwp%2Fv2%2Ftags&post=32570"}],"curies":[{"name":"wp","href":"https:\/\/api.w.org\/{rel}","templated":true}]}}