{"id":32642,"date":"2026-05-17T15:24:26","date_gmt":"2026-05-17T13:24:26","guid":{"rendered":"https:\/\/www.unterstroemt.de\/?p=32642"},"modified":"2026-05-23T11:51:39","modified_gmt":"2026-05-23T09:51:39","slug":"interessantes-aus-kw-20-2026","status":"publish","type":"post","link":"https:\/\/www.unterstroemt.de\/?p=32642","title":{"rendered":"Interessantes aus KW 20\/2026"},"content":{"rendered":"<p>An dieser Stelle pr\u00e4sentieren wir regelm\u00e4\u00dfig Links, die wir unter der Woche entdeckt haben, zu denen wir selbst nicht mehr viel schreiben m\u00fcssen und die wir teilenswert finden. Viel Spa\u00df beim Lesen und Anschauen!<\/p>\n<p>1. US-Machthaber Donald Trump wird ja immer wieder antidemokratisches und sogar faschistisches Gebaren vorgeworfen, was auch durchaus berechtigt ist. Die beiden Politologen Alexander Cooley und Daniel Nexon aus den USA stellen nun in einem <a href=\"https:\/\/www.blaetter.de\/ausgabe\/2026\/mai\/geopolitische-macht-privater-gewinn-das-zeitalter-der-kleptokratie\" target=\"_blank\" rel=\"noopener\">Artikel in den <em>Bl\u00e4ttern f\u00fcr deutsche und internationale Politik<\/em><\/a> eine interessante These auf, was den eigentlichen Antrieb von Trump und seinen Spie\u00dfgesellen darstellt. Denen geht es n\u00e4mlich vor allem darum, sich selbst, ihre Familien und Freunde zu bereichern. Korruption sei somit in so einer Kleptokratie kein Nebeneffekt, sondern das eigentliche Ziel der Herrschaft. Schon sehr nachvollziehbar \u2013 und sinnvoll, das trumpsche Handeln immer auch unter diesem Aspekt zu betrachten. [Karl]<\/p>\n<p>2. Nach Smarthome und Smartwatch kommen nun die Smart Glasses, also Brillen, mit denen man Video- und Tonaufnahmen machen kann. Das geschieht immer \u00f6fter heimlich, und die so erzeugten Videos werden dann ohne Wissen der Gefilmten ins Internet gestellt, wie ein <a href=\"https:\/\/www.tagesschau.de\/investigativ\/swr\/heimlich-gefilmt-100.html\" target=\"_blank\" rel=\"noopener\">Artikel auf <em>tagesschau.de<\/em><\/a> schildert. Woran man mal wieder sieht, dass neue Techniken immer auch gleich von denjenigen ausgenutzt werden, die damit nichts Gutes im Schilde f\u00fchren. Was man noch daran sieht: Die Justiz kommt \u00fcberhaupt nicht hinterher, so etwas manierlich zu regulieren, denn der Gesetzesentwurf zur digitalen Gewalt wird von Experten als recht untauglich beurteilt. [Karl]<\/p>\n<p>3. Beim Thema digitales Bezahlen kommen einem in erster Linie Bedenken hinsichtlich Datenschutz oder digitale Souver\u00e4nit\u00e4t in den Sinn. Allerdings gibt es dabei auch noch eine ganz handfeste soziale Komponente, die von der Soziologin Barbara Brandl in einem <a href=\"https:\/\/netzpolitik.org\/2026\/digitales-bezahlen-die-leute-haben-sehr-gute-gruende-bargeld-zu-nutzen\/\" target=\"_blank\" rel=\"noopener\">Interview mit <em>Netzpolitik.org<\/em><\/a> erl\u00e4utert wird. Es gibt dabei n\u00e4mlich einige Mechanismen, die nicht nur \u00e4rmere Menschen benachteiligen, sondern die sogar eine Umverteilung von unten nach oben forcieren. Der digitale Euro ist zwar laut Brandl wohl unvermeidlich und auch sinnvoll, um nicht von US-Anbietern abh\u00e4ngig zu sein, dennoch gibt es nach wie vor gute Gr\u00fcnde, vor allem mit Bargeld zu bezahlen. [Karl]<\/p>\n<p>4. Auch in Ostdeutschland ist die AfD schlagbar \u2013 zumindest bei Kommunalwahlen. Wenn es um die Posten von B\u00fcrgermeistern und Landr\u00e4ten geht, haben die blaubraunen Kandidaten dort n\u00e4mlich fast immer verloren, wie ein <a href=\"https:\/\/taz.de\/Niederlagenserie-der-AfD-im-Osten\/!6173862\/\" target=\"_blank\" rel=\"noopener\">Artikel in der <em>taz<\/em><\/a> feststellt. Das macht zwar zum einen Hoffnung, sollte aber andererseits kein Grund sein, sich nun mit dem Gef\u00fchl der Entwarnung zur\u00fcckzulehnen. Interessant dabei der Blick auf Kandidaten, die deutlich gegen AfD-Bewerber gewonnen haben und somit einiges richtig gemacht haben m\u00fcssen. Vor allem sind die nicht auf den rechten Krawall eingegangen und haben sich inhaltlich von der AfD abgegrenzt. So kann&#8217;s also gehen. [Karl]<\/p>\n<p>5. Der US-amerikanische Sozialpsychologe Jonathan Haidt hat sich in B\u00fcchern schon sehr kritisch mit sozialen Medien und deren Nutzung vor allem durch Kinder auseinandergesetzt. In einem <a href=\"https:\/\/www.zeit.de\/2026\/19\/jonathan-haidt-soziale-medien-instagram-kinder\/komplettansicht\" target=\"_blank\" rel=\"noopener\">Interview mit <em>Zeit Online<\/em><\/a> begr\u00fcndet er nun seine Kritik und erl\u00e4utert auch, warum er f\u00fcr ein Social-Media-Verbot f\u00fcr Kinder unter 16 Jahren ist. Vor allem sieht er Smartphones auch sehr kritisch, denn diese erm\u00f6glichen es eben, st\u00e4ndig nur virtuell unterwegs zu sein, ohne daf\u00fcr zumindest am eigenen Rechner zu Hause hocken zu m\u00fcssen. Die sch\u00e4dlichen Effekte, die Haidt aufz\u00e4hlt, sprechen f\u00fcr sich, dass hier jungen Menschen viel Schlechtes angetan wird. [Karl]<\/p>\n<p>6. Die deutsche Justiz f\u00e4llt ja leider immer mal wieder durch Rechtslastigkeit auf. Kein Wunder, mag man denken, wenn man in einem <a href=\"https:\/\/taz.de\/Vortrag-vor-Neonazis\/!6176360\/\" target=\"_blank\" rel=\"noopener\">Artikel der <em>taz<\/em><\/a> liest, dass ein Dresdner Staatsanwalt offensichtlich sehr gute und zahlreiche Verbindungen in die rechte Szene hat. Der Staatsanwalt will von all dem nat\u00fcrlich nichts gewusst haben, aber die Indizien sprechen da schon eine andere Sprache. Und wenn er dann auch noch bei einer Veranstaltung vor Rechtsextremen \u00fcber das Thema &#8222;Volksverhetzung und Meinungsfreiheit&#8220; referiert, wird es g\u00e4nzlich absurd. Immerhin soll nun ein Disziplinarverfahren gegen ihn er\u00f6ffnet werden, denn man sollte von Staatsanw\u00e4lten ja schon erwarten, dass sie zu unserer freiheitlich-demokratischen Grundordnung stehen. [Karl]<\/p>\n<p>7. So geht Kleptokratie: US-Machthaber Donald Trump k\u00fcndigt Aktionen im Iran-Krieg an, die einen starken Einfluss auf den \u00d6lpreis haben, und kurz zuvor wurden an der B\u00f6rsen Wetten auf den fallenden \u00d6lpreis get\u00e4tigt. Das sieht verdammt nach Insiderhandel aus, und das ist eigentlich verboten. Wobei das nat\u00fcrlich alles sehr relativiert ist bei einem Regime, dass vor allem darauf aus ist, die eigenen Taschen und die von Unterst\u00fctzern zu f\u00fcllen. Und so sind an vier Tagen au\u00dfergew\u00f6hnliche Aktivit\u00e4ten an den Rohstoffb\u00f6rsen mit einem Gesamtvolumen von circa sieben Milliarden US-Dollar zu beobachten gewesen, wie ein <a href=\"https:\/\/www.n-tv.de\/wirtschaft\/Ausmass-von-verdaechtigen-Oel-Wetten-vor-Trump-Aussagen-doch-viel-groesser-id30800307.html\" target=\"_blank\" rel=\"noopener\">Artikel von ntv<\/a> berichtet. Nun soll zwar deswegen ermittelt werden, aber warum kann ich mir blo\u00df nicht vorstellen, dass es dabei zu greifbaren Ergebnissen kommt? [Karl]<\/p>\n<p>8. Der US-amerikanische Journalist Evan Osnos hat gerade ein Buch ver\u00f6ffentlicht mit dem Titel &#8222;Yacht oder nicht Yacht&#8220;. Darin befasst er sich mit den Superreichen vor allem der USA, wobei er in einem <a href=\"https:\/\/www.fluter.de\/superreiche-evan-osnos\" target=\"_blank\" rel=\"noopener\">Interview mit <em>fluter.<\/em><\/a> betont, dass das ein internationales Ph\u00e4nomen sei. Er berichtet \u00fcber seine Einblicke in die Welt der Milliard\u00e4re und deren teilweise sehr verquere Weltsicht: Einerseits k\u00f6nnten sie mit ihrer finanziellen Macht dazu beitragen, Demokratie zu st\u00e4rken und den Klimawandel zu verlangsamen, andererseits nutzen sie ihr Geld dann daf\u00fcr, um sich vor den Folgen der zahlreichen Krisen in Bunkeranlagen zur\u00fcckziehen zu k\u00f6nnen. Dummerweise besitzen diese Leute auch sehr viele Medien, sodass ihre Sichtweise immer weitere Verbreitung findet und viele Menschen \u00fcberhaupt nicht st\u00f6rt. Fatale Entwicklung! [Karl]<\/p>\n<p>9. Zivilcourage ist eine gute Sache, aber kann manchmal auch zu Unverst\u00e4ndnis f\u00fchren. So gerade in einem Regionalzug der Deutschen Bahn: Dort hat laut einem <a href=\"https:\/\/www.stern.de\/gesellschaft\/regional\/berlin-brandenburg\/debatte-um-zivilcourage--rassistischer-vorfall-in-regionalbahn-schlaegt-wellen-37392506.html\" target=\"_blank\" rel=\"noopener\">Artikel im <em>Stern<\/em><\/a> die Autorin Jana Heinicke, die als Passagierin vor Ort war, eine Zugbegleiterin aufgefordert, die Polizei zu rufen, da ein \u00e4lterer Mann zwei Frauen \u00fcbel rassistisch beleidigt hat. Die Zugbegleiterin kam dieser Bitte allerdings nicht nach, denn sie wollte nicht, dass der Zug deswegen Versp\u00e4tung h\u00e4tte, und auch andere Passagiere hatten wenig Verst\u00e4ndnis daf\u00fcr. Heinicke rief die Polizei dann selbst und sieht sich nun deswegen Anfeindungen ausgesetzt, nachdem sie den Vorfall mit einem Video \u00f6ffentlich machte. Deutschland im Jahr 2026 \u2013 Rassismus als Selbstverst\u00e4ndlichkeit. [Karl]<\/p>\n","protected":false},"excerpt":{"rendered":"<p>An dieser Stelle pr\u00e4sentieren wir regelm\u00e4\u00dfig Links, die wir unter der Woche entdeckt haben, zu denen wir selbst nicht mehr viel schreiben m\u00fcssen und die wir teilenswert finden. Viel Spa\u00df beim Lesen und Anschauen!<\/p>\n","protected":false},"author":5,"featured_media":0,"comment_status":"open","ping_status":"open","sticky":false,"template":"","format":"standard","meta":{"footnotes":""},"categories":[193],"tags":[],"class_list":["post-32642","post","type-post","status-publish","format-standard","hentry","category-woechentliches"],"_links":{"self":[{"href":"https:\/\/www.unterstroemt.de\/index.php?rest_route=\/wp\/v2\/posts\/32642","targetHints":{"allow":["GET"]}}],"collection":[{"href":"https:\/\/www.unterstroemt.de\/index.php?rest_route=\/wp\/v2\/posts"}],"about":[{"href":"https:\/\/www.unterstroemt.de\/index.php?rest_route=\/wp\/v2\/types\/post"}],"author":[{"embeddable":true,"href":"https:\/\/www.unterstroemt.de\/index.php?rest_route=\/wp\/v2\/users\/5"}],"replies":[{"embeddable":true,"href":"https:\/\/www.unterstroemt.de\/index.php?rest_route=%2Fwp%2Fv2%2Fcomments&post=32642"}],"version-history":[{"count":0,"href":"https:\/\/www.unterstroemt.de\/index.php?rest_route=\/wp\/v2\/posts\/32642\/revisions"}],"wp:attachment":[{"href":"https:\/\/www.unterstroemt.de\/index.php?rest_route=%2Fwp%2Fv2%2Fmedia&parent=32642"}],"wp:term":[{"taxonomy":"category","embeddable":true,"href":"https:\/\/www.unterstroemt.de\/index.php?rest_route=%2Fwp%2Fv2%2Fcategories&post=32642"},{"taxonomy":"post_tag","embeddable":true,"href":"https:\/\/www.unterstroemt.de\/index.php?rest_route=%2Fwp%2Fv2%2Ftags&post=32642"}],"curies":[{"name":"wp","href":"https:\/\/api.w.org\/{rel}","templated":true}]}}