{"id":32717,"date":"2026-05-31T15:15:31","date_gmt":"2026-05-31T13:15:31","guid":{"rendered":"https:\/\/www.unterstroemt.de\/?p=32717"},"modified":"2026-06-09T14:46:40","modified_gmt":"2026-06-09T12:46:40","slug":"interessantes-aus-kw-22-2026","status":"publish","type":"post","link":"https:\/\/www.unterstroemt.de\/?p=32717","title":{"rendered":"Interessantes aus KW 22\/2026"},"content":{"rendered":"<p>An dieser Stelle pr\u00e4sentieren wir regelm\u00e4\u00dfig Links, die wir unter der Woche entdeckt haben, zu denen wir selbst nicht mehr viel schreiben m\u00fcssen und die wir teilenswert finden. Viel Spa\u00df beim Lesen und Anschauen!<\/p>\n<p>1. Der Klimawandel ist eine sch\u00e4dliche Sache. Das ist nicht nur Meteorologen und Umweltaktivisten seit einigen Jahren bekannt, sondern mittlerweile gelangen auch \u00d6konomen zu dieser Erkenntnis. So beispielsweise beim Kreditversicherer Allianz Trade, der gerade laut einem <a href=\"https:\/\/www.tagesschau.de\/wirtschaft\/weltwirtschaft\/hitze-wirtschaft-kosten-klimawandel-100.html\" target=\"_blank\" rel=\"noopener\">Artikel auf <em>tagesschau.de<\/em><\/a> Verluste von bis zu 112 Milliarden Euro bis 2030 f\u00fcr Deutschland aufgrund von zunehmenden Hitzewellen prognostiziert hat. Bei Temperaturen von \u00fcber 30\u00b0 C sinkt n\u00e4mlich die Produktivit\u00e4t der Arbeitenden, w\u00e4hrend die Kosten f\u00fcr K\u00fchlung steigen. Tja, schlaue Menschen sagen ja schon l\u00e4nger, dass Klimaschutz heute g\u00fcnstiger ist als die aus dessen Unterlassung resultierenden Sch\u00e4den morgen beseitigen zu m\u00fcssen. [Karl]<\/p>\n<p>2. Die CDU zeigt mal wieder, wie verlogen sie ist. So fordert n\u00e4mlich, wie eine <a href=\"https:\/\/www.tagesspiegel.de\/politik\/kein-erbenschutzprogramm-cdu-politiker-will-auch-das-eigenheim-bei-der-pflegefinanzierung-heranziehen-15648081.html\" target=\"_blank\" rel=\"noopener\">Meldung im <em>Tagesspiegel<\/em><\/a> berichtet, der Vize-Fraktionsvorsitzende Albert Stegemann, dass zur Bezahlung von ben\u00f6tigter Pflege auch das Eigenheim der zu pflegenden Personen herangezogen werden soll. Die Argumentation daf\u00fcr: Es k\u00f6nne ja nicht sein, dass die Allgemeinheit daf\u00fcr zahlt, wenn jemand noch &#8222;Verm\u00f6gen&#8220; habe. Komischerweise haben CDUler damit allerdings nie ein Problem, wenn extrem gro\u00dfe Verm\u00f6gen vererbt werden, ohne dass daf\u00fcr nennenswert Erbschaftssteuer entrichtet werden muss. Aber klar: Sehr Reiche k\u00f6nnen sich die Pflege auch so leisten, und \u00c4rmeren wird dann eben das bisschen Besitz, was sie haben, weggenommen. Asozial, aber eben typisch CDU. [Karl]<\/p>\n<p>3. Dass die AfD den p\u00e4dokriminellen US-Machthaber Donald Trump so super findet, ist kein Wunder, denn gerade bei Rechtsradikalen ist P\u00e4dophilie ja sehr weit verbreitet. Neustes Beispiel, \u00fcber das eine <a href=\"https:\/\/www.ndr.de\/nachrichten\/niedersachsen\/hannover_weser-leinegebiet\/kinderpornografie-besessen-afd-ratsherr-aus-hannover-tritt-zurueck,afd-1100.html\" target=\"_blank\" rel=\"noopener\">Meldung des <em>NDR<\/em><\/a> berichtet: ein AfD-Ratsherr aus Hannover, der nun von seinem Amt zur\u00fcckgetreten ist, weil gegen ihn ermittelt wird. Die Polizei hatte nach einem Hinweis einer NGO aus den USA n\u00e4mlich kinderpornografisches Material auf seinem Rechner gefunden. Die nieders\u00e4chsischen Blaubraunen betonen nun zwar, dass f\u00fcr Kriminelle kein Platz in ihrer Partei w\u00e4re, aber wer soll das noch glauben? Schlie\u00dflich gibt es in keiner Bev\u00f6lkerungsgruppe mehr Kriminelle als bei den AfD-Politikern. [Karl]<\/p>\n<p>4. Die sogenannten Enhanced Games f\u00fchren nicht nur den Gedanken sportlicher Fairness ad absurdum, da die Teilnehmer dort Doping anwenden d\u00fcrfen, sondern waren auch nicht eben sehr erfolgreich. Auf einen einzigen Tag zusammengedampft, wurde laut einem <a href=\"https:\/\/www.derstandard.at\/story\/3000000322012\/ein-rekord-bei-den-ersten-enhanced-games-der-gedopten-supermenschen\" target=\"_blank\" rel=\"noopener\">Artikel im <em>Standard<\/em><\/a> lediglich ein Weltrekord gebrochen (was nat\u00fcrlich nicht offiziell anerkannt wird), und das hat nun wenig mit den zuvor vollmundigen Verlautbarungen zu tun. Immerhin haben die Teilnehmer wohl fett Kohle abgesahnt bei diesem grotesken Event, in das vor allem auch Typen wie der Sohn von Donald Trump oder der Antidemokrat Peter Thiel investieren. Was f\u00fcr ein absurdes Schauspiel des Optimierungswahns der Tech-Oligarchen! [Karl]<\/p>\n<p>5. Vor dem Landgericht Erfurt fand gerade ein Prozess gegen einige junge M\u00e4nner statt, die eine Gemeinschaftsunterkunft attackierten, dort eine Scheibe einwarfen, hinter der Licht zu sehen war, und dann eine gez\u00fcndete Feuerwerksbatterie hineinwarfen. Dabei wurde zum Gl\u00fcck niemand get\u00f6tet, sondern die Mutter der dreik\u00f6pfige Familie verletzte sich nur leicht beim Sprung aus dem Fenster. Diese Tat hat eindeutig rassistischen Charakter, wenngleich die T\u00e4ter nicht aus einem explizit neonazistischen Milieu stammen. Wie ein <a href=\"https:\/\/www.endstation-rechts.de\/news\/es-ist-mir-egal-ob-sie-ideologisierte-nazis-sind\" target=\"_blank\" rel=\"noopener\">Artikel von <em>Endstation Rechts<\/em><\/a> berichtet, waren die Urteile nun aber doch recht sanft ausgefallen, wenngleich der fremdenfeindliche Hintergrund der Tat, den die T\u00e4ter und ihre Anw\u00e4lte abstritten, schon klar benannt wurde. Das h\u00e4tte ruhig ein bisschen mehr an Strafe sein d\u00fcrfen, zumal die Bengel sp\u00e4ter auch noch auf einer Party mit ihrer abartigen Tat prahlten. [Karl]<\/p>\n<p>6. Der ehemalige Bundesverkehrsminister Andreas Scheuer (CSU) und sein damaliger Staatssekret\u00e4r Gerhard Schulz werden demn\u00e4chst angeklagt aufgrund von Falschaussagen vor einem Untersuchungsausschuss zum Maut-Debakel, was Scheuer in seiner Amtszeit zu verantworten hatte. Ein <a href=\"https:\/\/www.spiegel.de\/politik\/ex-minister-scheuer-soll-nach-maut-debakel-vor-gericht-a-1c48bd59-d927-4691-bc93-1b14f3386272\" target=\"_blank\" rel=\"noopener\">Artikel auf <em>Spiegel Online<\/em><\/a> erl\u00e4utert die Hintergr\u00fcnde, die nahelegen, dass Scheuer tats\u00e4chlich die Unwahrheit gesagt hat, auch wenn er nun nat\u00fcrlich alles abstreitet. Interessant dabei auch, dass Schulz von Steuer auf einen hoch dotierten Posten als Gesch\u00e4ftsf\u00fchrer von Toll Collect bugsiert wurde. Das unterstreicht ja nur, dass es solchen Typen eben vor allem darum geht, sich selbst und ihre Buddies zu bereichern. Hoffentlich werden die beiden ordentlich verknackt! [Karl]<\/p>\n","protected":false},"excerpt":{"rendered":"<p>An dieser Stelle pr\u00e4sentieren wir regelm\u00e4\u00dfig Links, die wir unter der Woche entdeckt haben, zu denen wir selbst nicht mehr viel schreiben m\u00fcssen und die wir teilenswert finden. Viel Spa\u00df beim Lesen und Anschauen!<\/p>\n","protected":false},"author":5,"featured_media":0,"comment_status":"open","ping_status":"open","sticky":false,"template":"","format":"standard","meta":{"footnotes":""},"categories":[193],"tags":[],"class_list":["post-32717","post","type-post","status-publish","format-standard","hentry","category-woechentliches"],"_links":{"self":[{"href":"https:\/\/www.unterstroemt.de\/index.php?rest_route=\/wp\/v2\/posts\/32717","targetHints":{"allow":["GET"]}}],"collection":[{"href":"https:\/\/www.unterstroemt.de\/index.php?rest_route=\/wp\/v2\/posts"}],"about":[{"href":"https:\/\/www.unterstroemt.de\/index.php?rest_route=\/wp\/v2\/types\/post"}],"author":[{"embeddable":true,"href":"https:\/\/www.unterstroemt.de\/index.php?rest_route=\/wp\/v2\/users\/5"}],"replies":[{"embeddable":true,"href":"https:\/\/www.unterstroemt.de\/index.php?rest_route=%2Fwp%2Fv2%2Fcomments&post=32717"}],"version-history":[{"count":0,"href":"https:\/\/www.unterstroemt.de\/index.php?rest_route=\/wp\/v2\/posts\/32717\/revisions"}],"wp:attachment":[{"href":"https:\/\/www.unterstroemt.de\/index.php?rest_route=%2Fwp%2Fv2%2Fmedia&parent=32717"}],"wp:term":[{"taxonomy":"category","embeddable":true,"href":"https:\/\/www.unterstroemt.de\/index.php?rest_route=%2Fwp%2Fv2%2Fcategories&post=32717"},{"taxonomy":"post_tag","embeddable":true,"href":"https:\/\/www.unterstroemt.de\/index.php?rest_route=%2Fwp%2Fv2%2Ftags&post=32717"}],"curies":[{"name":"wp","href":"https:\/\/api.w.org\/{rel}","templated":true}]}}