{"id":33176,"date":"2026-09-06T10:21:53","date_gmt":"2026-09-06T08:21:53","guid":{"rendered":"https:\/\/www.unterstroemt.de\/?p=33176"},"modified":"2026-09-06T10:21:53","modified_gmt":"2026-09-06T08:21:53","slug":"interessantes-aus-kw-36-2026","status":"publish","type":"post","link":"https:\/\/www.unterstroemt.de\/?p=33176","title":{"rendered":"Interessantes aus KW 36\/2026"},"content":{"rendered":"<p>An dieser Stelle pr\u00e4sentieren wir regelm\u00e4\u00dfig Links, die wir unter der Woche entdeckt haben, zu denen wir selbst nicht mehr viel schreiben m\u00fcssen und die wir teilenswert finden. Viel Spa\u00df beim Lesen und Anschauen!<\/p>\n<p>1. Die Band Alphaville wurde vom Gl\u00fccksgef\u00fchle-Festival am auf dem Hockenheimring wieder ausgeladen, weil sie sich in der Vergangenheit immer wieder f\u00fcr Demokratie und gegen Rechtsextremismus ausgesprochen hat. Solche politischen \u00c4u\u00dferungen seien bei diesem Even, so der Veranstalter, nicht erw\u00fcnscht (mit dem ebenfalls dort auftretenden Rechtsau\u00dfen-Volksmusiker Andreas Gaballier hat er aber offenbar keine Probleme). Nach deutlicher Kritik wurden Alphaville erneut eingeladen, verzichten aber auf den Auftritt. Nun hat laut einer <a href=\"https:\/\/rp-online.de\/panorama\/leute\/gluecksgefuehle-festival-2026-weiterer-musiker-sagt-ab_aid-154247015\" target=\"_blank\" rel=\"noopener\">Meldung der <em>Rheinischen Post<\/em><\/a> ein weiterer Musiker von sich aus abgesagt: Der DJ Beauty &amp; The Beats findet einen solchen Maulkorb ebenfalls nicht akzeptabel. Gut so \u2013 hoffentlich folgen noch weitere diesem Beispiel.<\/p>\n<p>2. Die Klimakrise wird teuer, und das bekommt man gerade schon sehr deutlich zu sehen. So sind etwa zehn Prozent der franz\u00f6sischen landwirtschaftlichen Betriebe gerade aufgrund der D\u00fcrre und Hitze in diesem Sommer existenziell bedroht, wie ein <a href=\"https:\/\/www.spiegel.de\/wirtschaft\/service\/frankreich-zehn-prozent-aller-bauernhoefe-vom-klimawandel-in-ihrer-existenz-bedroht-a-b982a490-b740-4108-8d09-c3b807591647\" target=\"_blank\" rel=\"noopener\">Artikel auf <em>Spiegel Online<\/em><\/a> berichtet. Die franz\u00f6sische Regierung hat zwar ein Hilfspaket geschn\u00fcrt in H\u00f6he von einer Milliarde Euro, dass wird allerdings von den Landwirten und ihren Verb\u00e4nden als viel zu wenig angesehen. Bittere Ironie dabei: Gerade die Landwirtschaft, wenn sie denn nicht \u00f6kologisch nachhaltig betrieben wird, ist ja einer der gro\u00dfen Treiber des Klimawandels. So bekommt man nun also, was man seit vielen Jahren ges\u00e4t hat.<\/p>\n<p>3. Rechtsextreme und Kriminalit\u00e4t \u2013 das geh\u00f6rt irgendwie untrennbar zusammen. So steht gerade der bekannte Neonazi Sven Kr\u00fcger mal wieder vor Gericht, weil bei einer Razzia im Jahr 2023 bei ihm haufenweise Waffen gefunden wurden, und das obwohl gegen ihn ein Verbot ausgesprochen worden war, dass er keine Waffen besitzen d\u00fcrfe. Sein Anwalt meint nun laut einem <a href=\"https:\/\/www.endstation-rechts.de\/news\/sven-krueger-erneut-wegen-waffen-vor-gericht\" target=\"_blank\" rel=\"noopener\">Artikel auf <em>Endstation Rechts<\/em><\/a>, dass Kr\u00fcger von diesem Verbot nichts gewusst haben soll, au\u00dferdem habe die Razzia wegen etwas ganz anderem stattgefunden, n\u00e4mlich aufgrund des damalige Vereinsverbots der sogenannten Hammerskins, sodass die Waffenfunde zuf\u00e4llig waren und daher nicht gegen seinen Mandanten verwendet werden d\u00fcrften. Merkw\u00fcrdige Argumentation, wie ich finde.<\/p>\n<p>4. Die Chemnitzer Polizei f\u00fchrt eine Vendetta gegen das K\u00fcnstlerkollektiv &#8220; Zentrum f\u00fcr politische Sch\u00f6nheit&#8220; (ZPS) bzw. deren Protestbus namens \u00a0&#8222;Adenauer SRP+&#8220;. So berichtet ein <a href=\"https:\/\/www.mdr.de\/nachrichten\/deutschland\/politik\/protestbus-polizei-chemnitz-zentrum-politische-schoenheit,zps-mifri-100.html\" target=\"_blank\" rel=\"noopener\">Artikel von <em>MDR Aktuell<\/em><\/a>, dass das Fahrzeug immer wieder auf dem Weg zu Demonstrationen angehalten und sogar beschlagnahmt wurde (was sich dann im Nachhinein als rechtswidrig herausstellte), angeblich wegen untauglicher Verkehrssicherheit. Dass der Bus am Stra\u00dfenverkehr teilnehmen darf, wurde zwar von der Berliner Zulassungsstelle und auch durch zahlreiche Gutachten best\u00e4tigt, aber die Chemnitzer Polizei interessiert das nicht. Der Adenauer kommt vor allem bei Veranstaltungen gegen Rechtsextremismus zu Einsatz, und so dr\u00e4ngt sich mir nun die Vermutung auf, dass bei den Ordnungsh\u00fctern aus Chemnitz da reichlich Sympathien f\u00fcr Neonazis vorhanden sein m\u00fcssen, wenn die so beharrlich und halsstarrig immer wieder gegen das ZPS vorgehen. Ach ja: Den Steuerzahler d\u00fcrfte diese Posse dann auch einige Hunderttausend Euro kosten.<\/p>\n<p>5. Vor dem &#8222;Russischen Haus&#8220; in Berlin, einer \u00a0nach offizieller Beschreibung Einrichtung zum kulturellen Austausch, die aber wohl eher als Ort der Vernetzung prorussischer PR-Propagandisten und eventuell sogar als Geheimdienstst\u00fctzpunkt dient, wird regelm\u00e4\u00dfig seit dem Angriff Russlands auf die Ukraine demonstriert. Das sieht man dort gar nicht gern, also werden die Demonstranten mit Anzeigen bedacht. Heikel ist hieran nun vor allem, wie aus einem <a href=\"https:\/\/www.t-online.de\/nachrichten\/deutschland\/innenpolitik\/id_101382778\/russisches-haus-gegner-um-henry-lindemeier-haben-aerger-mit-polizei.html\" target=\"_blank\" rel=\"noopener\">Artikel von <em>t-online<\/em><\/a> hervorgeht, dass immer wieder Polizisten als willf\u00e4hrige Helfer des &#8222;Russischen Hauses&#8220; auftreten, indem falsche Beschuldigungen stattfinden und auch gern mal gelogen wird. Na ja, Polizisten sind eben in gr\u00f6\u00dferem Ma\u00dfe als der Rest der Bev\u00f6lkerung AfD-affin, und die AfD ist ja nun wiederum sehr prorussisch eingestellt, sodass mich so ein Vorgehen nicht wirklich wundert.<\/p>\n<p>6. Die AfD hofft auf eine absolute Mehrheit bei den Landtagswahlen in Sachsen-Anhalt, und um dies zu erreichen, machen die Blaubraunen das, was sie immer machen: l\u00fcgen, l\u00fcgen und noch mal l\u00fcgen. So geisterte gerade eine Umfrage, die von der Mitteldeutschen Zeitung in Auftrag gegeben worden sein sollte, durch die sozialen Medien, in der ein Traumergebnis f\u00fcr die AfD prognostiziert wurde. Allerdings hat die Zeitung das laut eigener Angabe \u00fcberhaupt nicht gemacht, wie ein <a href=\"https:\/\/www.fr.de\/politik\/fake-umfrage-zur-sachsen-anhalt-wahl-zeigt-afd-wunschbild-zr-94473515.html\" target=\"_blank\" rel=\"noopener\">Artikel der <em>Frankfurter Rundschau<\/em><\/a> berichtet. Mit solchen und etlichen weiteren Fake-News-Ma\u00dfnahmen wird also versucht, die Wahl zu beeinflussen. Sch\u00e4big, verlogen, aber eben typisch AfD.<\/p>\n<p>7. Die marktradikale Wirtschaftspolitik des rechts-libert\u00e4ren argentinischen Pr\u00e4sidenten Javier Milei zeigt Wirkung, wie in einem <a href=\"https:\/\/taz.de\/Argentinien-unter-Milei\/!6209383\/\" target=\"_blank\" rel=\"noopener\">Artikel in der <em>taz<\/em><\/a> beschrieben wird: Immer mehr Menschen k\u00f6nnen ihre Kreditraten nicht mehr bedienen, und auch bei Unternehmen hat diese Zahlungsunf\u00e4higkeit deutlich zugenommen. Das h\u00e4ngt vor allem damit zusammen, dass die Teuerungsrate deutlich schneller ansteigt als die L\u00f6hne, sodass viele Menschen ihre allt\u00e4glichen Bed\u00fcrfnisse auf Pump finanzieren m\u00fcssen. Dazu kommt, dass viele regul\u00e4re Arbeitspl\u00e4tze verloren gingen, sodass die davon betroffenen in den informellen Sektor abgewandert sind. Die organisierte Kriminalit\u00e4t freut das, denn die st\u00f6\u00dft so in das Vakuum, dass der demontierte Staat zur\u00fcckl\u00e4sst, nur zu gern vor. Woran man mal wieder sieht, dass Libert\u00e4re eben keine funktionierenden Wirtschaftskonzepte haben.<\/p>\n<p>8. Wenn derjenige, der schon bald das m\u00e4chtigste politische Amt der Welt innehaben k\u00f6nnte, fabuliert, dass er es &#8222;okay&#8220; f\u00e4nde, wenn seine Arbeit zum Weltuntergang f\u00fchren w\u00fcrde, dann sollte man hellh\u00f6rig werden. Denn genau das hat US-Vizepr\u00e4sident JD Vance k\u00fcrzlich in einem evangelikalen Podcast gesagt, so ein <a href=\"https:\/\/www.t-online.de\/nachrichten\/ausland\/usa\/id_101419342\/usa-trump-vize-jd-vance-findet-weltuntergang-okay-.html\" target=\"_blank\" rel=\"noopener\">Artikel auf <em>t-online<\/em><\/a>. Damit liegt er ja ziemlich genau auf der Linie seines Mentors Peter Thiel, denn der antidemokratische Milliard\u00e4r hegt ja auch die Vision, mit einigen wenigen Auserw\u00e4hlten den Weltuntergang zu \u00fcberleben, um dann mit diesen neu anzufangen \u2013 nat\u00fcrlich mit ihm selbst als oberstem Herrscher. Schon ziemlich beunruhigend, wenn so was so offen ausgesprochen wird, oder?<\/p>\n","protected":false},"excerpt":{"rendered":"<p>An dieser Stelle pr\u00e4sentieren wir regelm\u00e4\u00dfig Links, die wir unter der Woche entdeckt haben, zu denen wir selbst nicht mehr viel schreiben m\u00fcssen und die wir teilenswert finden. Viel Spa\u00df beim Lesen und Anschauen!<\/p>\n","protected":false},"author":3,"featured_media":0,"comment_status":"open","ping_status":"open","sticky":false,"template":"","format":"standard","meta":{"footnotes":""},"categories":[193],"tags":[],"class_list":["post-33176","post","type-post","status-publish","format-standard","hentry","category-woechentliches"],"_links":{"self":[{"href":"https:\/\/www.unterstroemt.de\/index.php?rest_route=\/wp\/v2\/posts\/33176","targetHints":{"allow":["GET"]}}],"collection":[{"href":"https:\/\/www.unterstroemt.de\/index.php?rest_route=\/wp\/v2\/posts"}],"about":[{"href":"https:\/\/www.unterstroemt.de\/index.php?rest_route=\/wp\/v2\/types\/post"}],"author":[{"embeddable":true,"href":"https:\/\/www.unterstroemt.de\/index.php?rest_route=\/wp\/v2\/users\/3"}],"replies":[{"embeddable":true,"href":"https:\/\/www.unterstroemt.de\/index.php?rest_route=%2Fwp%2Fv2%2Fcomments&post=33176"}],"version-history":[{"count":8,"href":"https:\/\/www.unterstroemt.de\/index.php?rest_route=\/wp\/v2\/posts\/33176\/revisions"}],"predecessor-version":[{"id":33189,"href":"https:\/\/www.unterstroemt.de\/index.php?rest_route=\/wp\/v2\/posts\/33176\/revisions\/33189"}],"wp:attachment":[{"href":"https:\/\/www.unterstroemt.de\/index.php?rest_route=%2Fwp%2Fv2%2Fmedia&parent=33176"}],"wp:term":[{"taxonomy":"category","embeddable":true,"href":"https:\/\/www.unterstroemt.de\/index.php?rest_route=%2Fwp%2Fv2%2Fcategories&post=33176"},{"taxonomy":"post_tag","embeddable":true,"href":"https:\/\/www.unterstroemt.de\/index.php?rest_route=%2Fwp%2Fv2%2Ftags&post=33176"}],"curies":[{"name":"wp","href":"https:\/\/api.w.org\/{rel}","templated":true}]}}