{"id":3935,"date":"2015-10-18T13:38:35","date_gmt":"2015-10-18T11:38:35","guid":{"rendered":"https:\/\/www.unterstroemt.de\/?p=3935"},"modified":"2015-10-19T01:24:47","modified_gmt":"2015-10-18T23:24:47","slug":"interessantes-aus-kw-422015","status":"publish","type":"post","link":"https:\/\/www.unterstroemt.de\/?p=3935","title":{"rendered":"Interessantes aus KW 42\/2015"},"content":{"rendered":"<p>An dieser Stelle pr\u00e4sentieren wir regelm\u00e4\u00dfig Links, die wir unter der Woche entdeckt haben, zu denen wir selbst nicht mehr viel schreiben m\u00fcssen und die wir teilenswert finden. Viel Spa\u00df beim Lesen und Anschauen!<\/p>\n<p>1. Auf <em>3sat<\/em> sah ich gerade eine Wiederholung von\u00a0<em>nano<\/em> vom letzten Freitag (\u201e<a href=\"http:\/\/www.3sat.de\/page\/?source=\/nano\/medizin\/167670\/index.html\" target=\"_blank\">Das wird bitter<\/a>\u201c). Dabei wurde am Beispiel der Isoglucose gezeigt, wie die Industrie den bis zu 40 % g\u00fcnstigeren Maiszuckersirup in anderen L\u00e4ndern\u00a0vertreibt, mit denen die USA Freihandelsabkommen hat. Die Industrie klagt gegen das Verbot, und es geht sogar so weit, dass die Angabe von Zucker \u00fcberhaupt nicht mehr auf der Verpackung angezeigt wird. TTIP l\u00e4sst gr\u00fc\u00dfen! [Dirk]<\/p>\n<p>2. Das Blogger-Portal\u00a0<em>NEOPresse<\/em> berichtet in einem <a href=\"http:\/\/www.neopresse.com\/politik\/juncker-raeumt-eindie-russland-sanktionen-wurden-von-den-usa-diktiert\/\" target=\"_blank\">Artikel<\/a>, dass EU-Kommissionspr\u00e4sident Juncker recht deutlich eingestanden hat, dass die Russland-Sanktionen der EU-Staaten auf Druck von den USA zustande gekommen sind. Na, wenigstens lenkt er nun verbal ein und spricht sich f\u00fcr eine Normalisierung des Umgangs von der EU mit Russland aus. [Karl]<\/p>\n<p>3. Klasse Sache! Die Webseite\u00a0<em>Urbanshit.de<\/em> weist in einem <a href=\"http:\/\/urbanshit.de\/kostenloser-lastenrad-verleih-in-hamburg-gestartet\/\" target=\"_blank\">Artikel<\/a> darauf hin, dass es nun in Hamburg die M\u00f6glichkeit gibt eines kostenlosen Lastenradverleihs gibt. Der Link zur entsprechenden Homepage findet sich dort auch. Wenn das Schule macht, w\u00e4re das ein guter Schritt hin zur modernen innerst\u00e4dtischen Mobilit\u00e4t, ohne dass jeder ein Auto haben muss. [Karl]<\/p>\n<p>4. Der Journalist Richard Gutjahr befasst sich in einem <a href=\"http:\/\/urbanshit.de\/kostenloser-lastenrad-verleih-in-hamburg-gestartet\/http:\/\/www.gutjahr.biz\/2015\/10\/vorratsdaten-2\/\" target=\"_blank\">Blog-Artikel<\/a>\u00a0mit der Vorratsdatenspeicherung und zeigt auf, wie die \u00dcberwachung der B\u00fcrger in den letzten Jahren zugenommen hat. Zudem wurden Daten nicht, wie urspr\u00fcnglich als Begr\u00fcndung f\u00fcr dieses Vorgehen angegeben, genutzt, um gegen Terroristen oder Kinderpornografie zu ermitteln, sondern zur Verfolgung von Drogendelikten und Bandenkriminalit\u00e4t &#8211; also nat\u00fcrlich strafbaren, aber nicht derart schwerwiegenden Verbrechen, die eine Komplett\u00fcberwachung der Bev\u00f6lkerung rechtfertigen w\u00fcrden. [Karl]<\/p>\n<p>5. Schon in den 80er-Jahren warnte der Landschafts\u00f6kologe Wolfgang Haber davor, dass die (industrielle) Landwirtschaft ihre eigenen Grundlagen\u00a0zerst\u00f6ren w\u00fcrde.\u00a0Nun ergibt eine Studie von Bundesumweltamt und Sachverst\u00e4ndigenrat f\u00fcr Umweltfragen, dass genau diese damals prognostizierten Probleme, nur \u00fcberwiegend noch in weit st\u00e4rkerem Ma\u00dfe, eingetreten sind, wie aus einem <a href=\"http:\/\/www.fr-online.de\/wirtschaft\/landwirtschaft-landwirte-zerstoeren-sich-selbst,1472780,32142284.html\" target=\"_blank\">Artikel in der\u00a0<em>FrankfurterRundschau<\/em><\/a>\u00a0hervorgeht. Zeit also, hier schnell und konsequent umzudenken und \u00f6kologische Landwirtschaft zu f\u00f6rdern! [Karl]<\/p>\n<p>6. Zwar schon zwei Wochen alt, aber wenn ein Bundesinnenminister so sch\u00f6n des L\u00fcgens \u00fcberf\u00fchrt wird wie in diesem dreimin\u00fctigen <a href=\"https:\/\/www.youtube.com\/watch?v=hay_4C2dawA\" target=\"_blank\">Video von Jung &amp; Naiv<\/a>, dann ist das schon fast zeitlos: Thomas de Maizi\u00e8re behauptet auf einer Bundespressekonferenz, dass alle Regierungen in Europa von der gro\u00dfen Zahl an Fl\u00fcchtlingen \u00fcberrascht worden w\u00e4ren, hinzugeschnittene Aussagen von Experten (ebenfalls aus Bundespressekonferenzen) belegen aber das Gegenteil, die Experten behaupten sogar, dass das Innenministerium die entsprechenden Prognosen seit Jahren komplett ignoriert. [Karl]<\/p>\n<p>7. Im\u00a0<em>ZDF<\/em> wurde eine 45-min\u00fctige Doku mit dem Title \u201e<a href=\"http:\/\/www.zdf.de\/ZDFmediathek\/beitrag\/video\/2416654\/NSU-privat-Das-Innere-einer-Terrorzelle\" target=\"_blank\">NSU privat<\/a>\u201c gezeigt. Neben einem pers\u00f6nlichen Profil der T\u00e4ter gibt es auch interessante Interpretationen von\u00a0deren Verhalten vom Neurobiologen\u00a0Gerald H\u00fcther. Es ist nicht immer einfach, den Menschen hinter solchen Gr\u00e4ueltaten zu sehen, aber letzten Endes steckt in jedem ein Mensch, der auch einmal ein mehr oder weniger unschuldiges Kind war. [Dirk]<\/p>\n<p>8. In seiner <a href=\"http:\/\/www.spiegel.de\/politik\/deutschland\/fluechtlinge-dunkeldeutschland-waechst-augstein-kolumne-a-1057306.html\" target=\"_blank\">Kolumne auf <em>Spiegel online<\/em><\/a>\u00a0beschreibt Jakob Augstein recht treffend da Wesen des sogenannten \u201edunklen Deutschlands\u201c, das sich zurzeit in einer Mischung des Unterschichtenrassimus mit intellektueller Islamophobie manifestiert und von Horst Seehofer geschickt populistisch aufgegriffen wird. Die jetzt schon erkennbaren Konsequenzen davon sind in jedem Fall erschreckend. [Karl]<\/p>\n<p>9. Ein ganz \u00fcbles St\u00fcck Schmierenjournalismus des\u00a0<em>Spiegel<\/em> wird von Patrick Schreiner in einem <a href=\"http:\/\/www.nachdenkseiten.de\/?p=27897\" target=\"_blank\">Artikel auf den\u00a0<em>NachDenkSeiten<\/em><\/a> entlarvt, n\u00e4mlich der Versuch, die gro\u00dfe Anti-TTIP-Demonstration vom letzten Wochenende mit 250.000 Teilnehmern in die rechte Ecke zu r\u00fccken. Schreiner weist zu Recht darauf hin, dass dies nicht nur eine bewusste Verzerrung eines neoliberalen Schreiberlings ist, sondern dar\u00fcber hinaus auch noch die Gefahr verharmlost, die von Rechtsextremen in diesen Tagen in Deutschland ausgeht. Auch Joerg Wellbrock setzt sich mit einem trefflichen\u00a0<a href=\"http:\/\/www.spiegelfechter.com\/wordpress\/132355\/ttip-demonstration-ich-sehe-was-was-du-nicht-siehst\" target=\"_blank\">Artikel auf <em>der spiegelfechter<\/em><\/a> mit der Kritik an der angeblichen Rechstlastigkeit der Demo auseinander, beleuchtet dabei die unterschiedlichen subjektiven Perspektiven und stellt auch die Frage, wie denn eine politisch homogene Demonstration dieser Gr\u00f6\u00dfenordnung h\u00e4tte organisiert werden sollen.\u00a0[Karl]<\/p>\n<p>10. Die Vorw\u00fcrfe, dass die TTIP-Demonstration rechtslastig gewesen sei, nimmt auch Albrecht M\u00fcller zum Anlass, um ebenfalls in einem <a href=\"http:\/\/www.nachdenkseiten.de\/?p=27911\" target=\"_blank\">Artikel auf den\u00a0<em>NachDenkSeiten<\/em><\/a> etwas umfassender auf die neoliberale Agitation aufmerksam zu machen, die zurzeit auf mehreren Ebenen und auch aus vermeintlich seri\u00f6sen Quellen versucht, systemkritischen Protest als grunds\u00e4tzlich rechts zu stigmatisieren. [Karl]<\/p>\n<p>11. Im\u00a0<em>campact<\/em>-Blog findet sich ein <a href=\"http:\/\/blog.campact.de\/2015\/10\/fracking-lobby-draengelt-demokratie-haelt-nur-auf\/?utm_source=post-facebook&amp;utm_medium=social&amp;utm_term=fracking+lobby+draengelt+demokratie+haelt+nur+auf&amp;utm_content=blog&amp;utm_campaign=%2Ffracking\" target=\"_blank\">Artikel<\/a>, der das Demokratieverst\u00e4ndnis der Fracking-Lobby offenbart, die sich vehement daf\u00fcr einsetzt, dass lediglich eine demokratisch nicht legitimierte Expertenkommission und nicht das Parlament (als gew\u00e4hlte Volksvertreter) die Entscheidungen dar\u00fcber f\u00e4llen soll, ob kommerzielle Schiefergasbohrungen durchgef\u00fchrt werden d\u00fcrfen oder nicht.Klar, der B\u00fcrgerwille k\u00f6nnte ja Profitinteressen u. U. mit gutem Grund entgegenstehen &#8230; [Karl]<\/p>\n<p>12. \u00dcber Bernie Sanders erf\u00e4hrt man in den deutschen Medien nicht allzu viel. Nun besch\u00e4ftigt sich ein\u00a0<a href=\"http:\/\/taz.de\/!5240737\/\" target=\"_blank\"><em>taz<\/em>-Artikel<\/a> etwas ausf\u00fchrlicher mit dem Mann, der sich selbst als Sozialist bezeichnet und der gerade den US-Wahlkampf aufmischt, indem er Hillary Clinton als Pr\u00e4sidentschaftskandidatin der Demokraten ernste Konkurrenz macht und in den letzten Monaten enorm an Popularit\u00e4t zugelegt hat.\u00a0Dabei vertritt Sanders Positionen, die sich in der US-Politik so schon seit Ewigkeiten nicht mehr finden, mit denen er allerdings viele Menschen anspricht. [Karl]<\/p>\n<p>13. Vor einiger Zeit haben wir ja schon mal auf die Pl\u00e4ne hingewiesen, dass ein Schulfach\u00a0<em>Wirtschaft <\/em>eingef\u00fchrt werden soll. Nun ist dies in Baden-W\u00fcrttemberg der Fall, und ein <a href=\"http:\/\/www.spiegel.de\/schulspiegel\/baden-wuerttemberg-fuehrt-wirtschaft-als-pflichtfach-ein-a-1049028.html\" target=\"_blank\">Artikel im <em>Spiegel online Schulspiegel<\/em><\/a> bezeichnet das zu Recht Triumph einer Lobby, die nun ihr eigenes Schulfache bekommt, um die lieben Kleinen gleich von Beginn an sch\u00f6n auf die neoliberale Linie zu bringen. Zudem erh\u00e4lt man auch noch einen Einblick in die vernetzte Lobbyarbeit, die eine Stiftung, Verb\u00e4nde, Medien, Hochschule und Politik mit einschlie\u00dft. [Karl]<\/p>\n<p>14. Die <a href=\"http:\/\/www.zdf.de\/ZDFmediathek\/beitrag\/video\/2513234#\/beitrag\/video\/2511870\/Mann,-Sieber!-vom-13-Oktober-2015\" target=\"_blank\">zweite Folge von\u00a0<em>Mann, Sieber!<\/em><\/a>\u00a0ging im\u00a0<em>ZDF\u00a0<\/em>\u00fcber die B\u00fchne, und man gab sich durchaus bissig, wie ich finde. Eine Sendung, die man definitiv im Auge behalten sollte &#8211; und mit einer halben Stunde L\u00e4nge auch gut was zum Zwischendurchschauen. [Karl]<\/p>\n<p>15. Rayk Anders kommentiert in einem mit dem Handy aufgenommenen f\u00fcnfmin\u00fctigen <a href=\"https:\/\/www.youtube.com\/watch?v=z-D1hWgeY4w\" target=\"_blank\">Video<\/a> das Attentat an der K\u00f6lner B\u00fcrgermeisterkandidatin Henriette Reker. Diesmal ganz n\u00fcchtern und ohne seine \u00fcblichen Pointen, aber das erscheint mir auch durchaus angemessen angesichts der zunehmenden rechten Gewalt, die nun der mittlerweile omnipr\u00e4senten Hetze folgt. [Karl]<\/p>\n<p>14. Thomas Trares setzt sich in einer <a href=\"http:\/\/www.nachdenkseiten.de\/?p=27935\" target=\"_blank\">Rezension auf den\u00a0<em>NachDenkSeiten<\/em><\/a> mit dem Buch\u00a0\u201eGarantiert beschissen! Der ganz legale Betrug mit den Lebensversicherungen\u201c der beiden Journalisten Dagmar H\u00fchne und Holger Balodis auseinander. Die Beschreibung und das recht positive Fazit machen Appetit, zumal ja mit rund 90 Mio. Vertr\u00e4gen die Lebensversicherung die weit verbreitetste Form der Altersvorsorge in Deutschland ist. [Karl]<\/p>\n<p>15.\u00a0Vor Kurzem machte das Ergebnis einer Umfrage unter syrischen Fl\u00fcchtlingen in den deutschen Medien die Runde, wonach etwa 70 % der Befragten angaben, wegen der Assad-Regierung aus ihrem Land geflohen zu sein. G\u00f6tz Aly zeigt nun in einem <a href=\"http:\/\/www.berliner-zeitung.de\/meinung\/kommentar-zum-buergerkrieg-in-syrien--assad--rebellen-und-fluchtgruende,10808020,32141762.html\" target=\"_blank\">Kommentar f\u00fcr die\u00a0<em>Berliner Zeitung<\/em><\/a>, dass auf diese Weise, entweder ganz bewusst oder aufgrund von mangelhafter Recherche, ein falsches Bild erzeugt wurde, und analysiert die Ergebnisse der Umfrage\u00a0zutreffend. Allein schon beispielsweise die Tatsache, dass mehrere Antworten m\u00f6glich waren, l\u00e4sst die Zahlen in einem ganz andere Licht dastehen. [Karl]<\/p>\n<p>16. F\u00fcr\u00a0<em>Die Kolumnisten<\/em> setzt sich Heinrich Schmitz in einem <a href=\"http:\/\/diekolumnisten.de\/2015\/10\/16\/sie-ist-wieder-da\/\" target=\"_blank\">Artikel<\/a> mit der am Freitag verabschiedeten Vorratsdatenspeicherung auseinander. Sein Fazit: Der Nutzen davon ist so gut wie nicht vorhanden, das Missbrauchspotenzial ist sehr hoch, und vermutlich d\u00fcrfte\u00a0das Ganze sowieso wieder vom Bundesverfassungsgericht gekippt werden. [Karl]<\/p>\n<p>17. Brandon Bryant war US-amerikanischer Soldat und hat in ca. f\u00fcnf Jahren mehr als 1.600 Menschen mittels Drohnen get\u00f6tet. Ein <a href=\"http:\/\/www.zeit.de\/politik\/2015-10\/nsa-affaere-untersuchungsausschuss-metadaten-brandon-bryant-aussage\/komplettansicht\" target=\"_blank\">Artikel in der\u00a0<em>Zeit<\/em><\/a> berichtet nun von seiner Vernehmung vor dem NSA-Untersuchungsausschuss. Brisant vor allem: Bryant\u00a0gibt an, dass auch aufgrund der\u00a0sogenannten Metadaten, die der deutsche Verfassungsschutz und der BND an die USA \u00fcbermittelt, Menschen get\u00f6tet werden. Die Bundesregierung bestritt die bisher, und da nicht davon ausgegangen werden kann, dass sie \u00fcber derartige Vorg\u00e4nge nicht Bescheid wei\u00df, wurde die \u00d6ffentlichkeit also (mal wieder) schlichtweg angelogen. [Karl]<\/p>\n<p>18. Und noch mal der BND und das gest\u00f6rte Verh\u00e4ltnis\u00a0der Merkel-Regierung mit der Wahrheit: Laut einem <a href=\"http:\/\/www.taz.de\/!5239254\/\" target=\"_blank\">Artikel in der\u00a0<em>taz<\/em><\/a> hat, anders als bisher immer behauptet, der BND genauso wie der US-amerikanische Geheimdienst NSA befreundete Staaten ausspioniert.\u00a0\u201eAbh\u00f6ren unter Freunden, das geht gar nicht\u201c, t\u00f6nte Angela Merkel noch vor etwa zwei Jahren. Tja, denkste &#8230; [Karl]<\/p>\n<p>19. Zum Abschluss noch was Positives: Ein <a href=\"https:\/\/www.freitag.de\/autoren\/der-freitag\/das-ende-von-new-labour?utm_content=buffer6adce&amp;utm_medium=social&amp;utm_source=facebook.com&amp;utm_campaign=buffer\" target=\"_blank\">Artikel von Michael Kr\u00e4tke f\u00fcr\u00a0<em>der Freitag<\/em><\/a> besch\u00e4ftigt sich mit den neuen Vorsitzenden der britischen Labour Party Jeremy Corbyn. Dieser zeigt auch deutlich eine Alternative zur neoliberalen (Austerit\u00e4ts-)Politik\u00a0auf, die nicht nur zuvor von Labour, sondern auch von nahezu allen anderen europ\u00e4ischen sozialdemokratischen Parteien \u00fcbernommen wurde. Europaweit\u00a0k\u00f6nnte es schon einiges bewirken, wenn jemand wie Corbyn tats\u00e4chlich Regierungschef in einem der gr\u00f6\u00dften EU-L\u00e4nder werden sollte, auch wenn der Weg dahin noch ein langer ist. [Karl]<\/p>\n","protected":false},"excerpt":{"rendered":"<p>An dieser Stelle pr\u00e4sentieren wir regelm\u00e4\u00dfig Links, die wir unter der Woche entdeckt haben, zu denen wir selbst nicht mehr viel schreiben m\u00fcssen und die wir teilenswert finden. Viel Spa\u00df beim Lesen und Anschauen!<\/p>\n","protected":false},"author":5,"featured_media":0,"comment_status":"open","ping_status":"closed","sticky":false,"template":"","format":"standard","meta":{"footnotes":""},"categories":[193],"tags":[],"class_list":["post-3935","post","type-post","status-publish","format-standard","hentry","category-woechentliches"],"_links":{"self":[{"href":"https:\/\/www.unterstroemt.de\/index.php?rest_route=\/wp\/v2\/posts\/3935","targetHints":{"allow":["GET"]}}],"collection":[{"href":"https:\/\/www.unterstroemt.de\/index.php?rest_route=\/wp\/v2\/posts"}],"about":[{"href":"https:\/\/www.unterstroemt.de\/index.php?rest_route=\/wp\/v2\/types\/post"}],"author":[{"embeddable":true,"href":"https:\/\/www.unterstroemt.de\/index.php?rest_route=\/wp\/v2\/users\/5"}],"replies":[{"embeddable":true,"href":"https:\/\/www.unterstroemt.de\/index.php?rest_route=%2Fwp%2Fv2%2Fcomments&post=3935"}],"version-history":[{"count":25,"href":"https:\/\/www.unterstroemt.de\/index.php?rest_route=\/wp\/v2\/posts\/3935\/revisions"}],"predecessor-version":[{"id":3996,"href":"https:\/\/www.unterstroemt.de\/index.php?rest_route=\/wp\/v2\/posts\/3935\/revisions\/3996"}],"wp:attachment":[{"href":"https:\/\/www.unterstroemt.de\/index.php?rest_route=%2Fwp%2Fv2%2Fmedia&parent=3935"}],"wp:term":[{"taxonomy":"category","embeddable":true,"href":"https:\/\/www.unterstroemt.de\/index.php?rest_route=%2Fwp%2Fv2%2Fcategories&post=3935"},{"taxonomy":"post_tag","embeddable":true,"href":"https:\/\/www.unterstroemt.de\/index.php?rest_route=%2Fwp%2Fv2%2Ftags&post=3935"}],"curies":[{"name":"wp","href":"https:\/\/api.w.org\/{rel}","templated":true}]}}