{"id":4839,"date":"2016-03-06T11:39:23","date_gmt":"2016-03-06T10:39:23","guid":{"rendered":"https:\/\/www.unterstroemt.de\/?p=4839"},"modified":"2016-03-28T09:39:00","modified_gmt":"2016-03-28T07:39:00","slug":"interessantes-aus-kw-92016","status":"publish","type":"post","link":"https:\/\/www.unterstroemt.de\/?p=4839","title":{"rendered":"Interessantes aus KW 9\/2016"},"content":{"rendered":"<p>An dieser Stelle pr\u00e4sentieren wir regelm\u00e4\u00dfig Links, die wir unter der Woche entdeckt haben, zu denen wir selbst nicht mehr viel schreiben m\u00fcssen und die wir teilenswert finden. Viel Spa\u00df beim Lesen und Anschauen!<\/p>\n<p>1. Unter Erdogan f\u00e4hrt die T\u00fcrkei nach wie vor einen reichlich gef\u00e4hrlichen Amokkurs in der Region: Laut einem\u00a0<em><a href=\"http:\/\/www.heise.de\/tp\/artikel\/47\/47541\/1.html\" target=\"_blank\">Telepolis<\/a><\/em><a href=\"http:\/\/www.heise.de\/tp\/artikel\/47\/47541\/1.html\" target=\"_blank\">-Artikel<\/a> fand gerade ein Angriff vom IS-Truppen auf die kurdische Stadt G\u00eere Sip\u00ee statt, der von t\u00fcrkischer Seite zumindest deutlich geduldet, wenn nicht sogar aktiv unterst\u00fctzt wurde. Damit wird nicht nur bewusst der Waffenstillstand in Syrien gef\u00e4hrdet, sondern\u00a0es wird auch deutlich, dass es der T\u00fcrkei dort vor allem um ihre eigene Machtpolitik geht, die ohne R\u00fccksicht auf Verluste umgesetzt wird. [Karl]<\/p>\n<p>2. Erika Steinbach (CDU) fiel mal wieder durch eine eklige rassistische \u00c4u\u00dferung auf, diesmal in Form eines getwitterten Bildes. Auf seiner\u00a0 <em>Facebook<\/em>-Seite liefert Sascha Lobo nun eine treffliche <a href=\"https:\/\/www.facebook.com\/notes\/sascha-lobo\/warum-ist-der-tweet-von-erika-steinbach-eigentlich-schlimm\/10156478026945567\" target=\"_blank\">Analyse<\/a>, warum dieser Tweet nun so schlimm ist und \u00fcbelsten Rassismus befeuert. Und so was von der Vorsitzenden der Arbeitsgruppe \u201eMenschenrechte und humanit\u00e4re Hilfe\u201c der CDU\/CSU-Bundestagsfraktion &#8211; eigentlich zum Lachen, wenn es nicht so traurig w\u00e4re. [Karl]<\/p>\n<p>3. Norbert H\u00e4ring besch\u00e4ftigt sich in einem <a href=\"https:\/\/www.freitag.de\/autoren\/der-freitag\/den-banken-fehlen-scheine\/\" target=\"_blank\">Artikel f\u00fcr den\u00a0<em>Freitag<\/em><\/a> mit der geplanten Grenze f\u00fcr Bargeldzahlungen von 5000 Euro. Dabei kommt er nachvollziehbar zu dem Schluss, dass es mitnichten um die Eind\u00e4mmung von Terrorgefahr geht, sondern vielmehr eher Banken als Terrorismusexperten auf die so eingeleitete Abschaffung des Bargelds dr\u00e4ngen. Schlie\u00dflich w\u00e4re so f\u00fcr die Banken die Gefahr eines Runs von Kunden auf die Schalter im Falle einer sich abzeichnenden neuen Finanzkrise abgewendet &#8211; Bargeld k\u00f6nnen sie schlie\u00dflich nicht drucken, wie sie wollen, Giroguthaben hingegen schon aus dem Nichts sch\u00f6pfen. [Karl]<\/p>\n<p>4. Klaus Buchner sitzt f\u00fcr die \u00d6DP im Europaparlament. Auf der Webseite der Partei findet sich nun seine <a href=\"http:\/\/www.klausbuchner.eu\/blog.html?tx_simpleblog_bloglisting%5Bpost%5D=93&amp;tx_simpleblog_bloglisting%5Baction%5D=show&amp;tx_simpleblog_bloglisting%5Bcontroller%5D=Post&amp;cHash=4c24d602fc70c01306c7d240dbc4d06a\" target=\"_blank\">Stellungnahme<\/a> zum Freihandelsabkommen CETA zwischen Kanada und der EU, nachdem er den endg\u00fcltigen Text einsehen konnte. Sein Fazit: Der darin enthaltene Gerichtshof ist im Prinzip das Gleiche wie die Schiedsgerichte (so hie\u00df das vorher) und ein Generalangriff auf die Handlungsf\u00e4higkeit demokratischer Staaten. CETA gilt als Blaupause f\u00fcr TTIP, dass ja auch bald verabschiedet werden soll. [Karl]<\/p>\n<p>5. Von Bundesrichter Thomas Fischer haben wir hier ja auch schon den einen oder anderen Artikel verlinkt, den er in seiner Kolumne f\u00fcr die\u00a0<em>Zeit<\/em> geschrieben hat. Nun gibt es ein sehr lesenswertes <a href=\"http:\/\/www.stern.de\/politik\/deutschland\/thomas-fischer--die-menschen-fuehlen-sich-zu-recht-verraten-6717930.html\" target=\"_blank\">Interview mit ihm im\u00a0<\/a><a href=\"http:\/\/www.stern.de\/politik\/deutschland\/thomas-fischer--die-menschen-fuehlen-sich-zu-recht-verraten-6717930.html\" target=\"_blank\"><em>Stern<\/em><\/a>, in dem er sich zur neoliberalen Politik, zum Rechtsruck in Deutschland, zur Qualit\u00e4t des Journalismus und noch zu einige anderen Dingen \u00e4u\u00dfert. Guter Mann! [Karl]<\/p>\n<p>6. Ja, so sind sie, die AfD-Anh\u00e4nger: Ein\u00a0<a href=\"http:\/\/www.taz.de\/Von-Storch-veroeffentlicht-Aktivistenfoto\/!5279258\/\" target=\"_blank\"><em>taz<\/em><\/a><a href=\"http:\/\/www.taz.de\/Von-Storch-veroeffentlicht-Aktivistenfoto\/!5279258\/\" target=\"_blank\">-Artikel<\/a> berichtet, dass bei dem Aktivisten vom Peng-Kollektiv, der als Clown verkleidet Beatrix von Storch auf einer AfD-Veranstaltung in Kassel eine Torte ins Gesicht schleuderte, nun Morddrohungen eingeben mit eindeutig rechtsextremem Hintergrund. Ausl\u00f6ser war, dass von Storch auf ihrem\u00a0<em>Facebook<\/em>-Profil ein Bild und den vollen Namen des Aktivisten gepostet hatte und damit wohl genau solche Reaktionen provozieren wollte. Damit nicht genug: Aus der AfD selbst gibt es Stimmen, die Verst\u00e4ndnis f\u00fcr diejenigen haben, die nun Morddrohungen aussprechen. [Karl]<\/p>\n<p>7. Der Kabarettist Christoph Sieber bringt ein knapp acht Minuten in einem <a href=\"https:\/\/www.youtube.com\/watch?v=plg3nY-jD20\" target=\"_blank\">Video f\u00fcr den\u00a0<em>Denkfunk<\/em><\/a> einiges aufs Tableau, was die derzeitige Stimmung in Deutschland anbetrifft. Dabei spannt er den Bogen von der Fl\u00fcchtlingskrise \u00fcber die progrom\u00e4hnlichen Ausschreitungen bis hin zu den Ursachen, die er u. a. auch in der Agenda-2010-Politik sieht. Komplexe Zusammenh\u00e4nge auf unterhaltsame Weise r\u00fcbergebracht &#8211; warum\u00a0sind Politiker oder politische Magazine dazu nicht in der Lage? [Karl]<\/p>\n<p>8. Ein neunmin\u00fctiger <a href=\"http:\/\/www.ardmediathek.de\/tv\/Sport-inside\/Radikal-rechts\/WDR-Fernsehen\/Video?bcastId=1493328&amp;documentId=33785878\" target=\"_blank\">Beitrag der\u00a0<em>WDR<\/em>-Sendung\u00a0<em>sport inside<\/em><\/a> besch\u00e4ftigt sich mit dem zunehmenden auch \u00fcber Vereinsgrenzen hinweggehenden Schulterschluss von Hooligans und Rechtsextremen. Beginnend mit der Hogesa-Demo vom Oktober 2014, wird anschaulich nachgezeichnet, wie es zu immer gr\u00f6\u00dferen \u00dcberschneidungen dieser beiden Szenen kommt. Keine sch\u00f6ne Entwicklung &#8230; [Karl]<\/p>\n<p>9. Gute Nachrichten aus dem Iran! Laut einem <a href=\"http:\/\/www.fr-online.de\/politik\/iran-was-der-wahlsieg-der-reformer-bedeutet,1472596,33894352.html\" target=\"_blank\">Artikel in der\u00a0<em>Frankfurter Rundschau<\/em><\/a> haben dort bei der Parlamentswahl die moderaten Kr\u00e4fte einen deutlichen Sieg einfahren k\u00f6nnen, sodass der als Modernisierer\u00a0geltende Pr\u00e4sident Ruhani gest\u00e4rkt wurde. Klar hat der Iran noch einen langen Weg vor sich auf dem Weg vom fundamentalistischen Gottesstaat hin zu einem demokratischen Rechtsstaat, aber es zeigt sich, dass durch eine Politik der diplomatischen Ann\u00e4herung wie nun beim Atomkompromiss im letzten Jahr mehr erreicht werden kann als durch blindes milit\u00e4risches Draufhauen. [Karl]<\/p>\n<p>10. Jens Berger untersucht in einem\u00a0<em><a href=\"http:\/\/www.nachdenkseiten.de\/?p=31738\" target=\"_blank\">NachDenkSeiten<\/a><\/em><a href=\"http:\/\/www.nachdenkseiten.de\/?p=31738\" target=\"_blank\">-Artikel<\/a> das Ph\u00e4nomen Donald Trump, der ja gerade als gro\u00dfer Sieger aus dem sogenannten\u00a0\u201eSuper Tuesday\u201c bei den Vorwahlen hervorgegangen ist. Dabei stellt Berger die berechtigte Frage, warum Trump trotz breiter medialer Ablehnung derartige Erfolge feiern kann. Seine Antwort: Trump pr\u00e4sentiert sich als Gegner des Esxtablishments und spricht damit all jene an, die von der Politik der letzten Jahre desillusioniert wurden. Parallelen zu Deutschland und der AfD\/Pegida sind un\u00fcbersehbar. [Karl]<\/p>\n<p>11. Volker Beck wurde mit einer kleinen Menge Drogen (vermutlich Chrystal Meth) erwischt und ist daraufhin von allen seinen \u00c4mtern zur\u00fcckgetreten. Eine gute Bewertung dieses Vorgangs und der absurden konservativen dahinterstehenden Moralvorstellung liefert Felix Werdermann in einem <a href=\"https:\/\/www.freitag.de\/autoren\/felix-werdermann\/das-wahre-drogenproblem-von-volker-beck?utm_content=bufferd87eb&amp;utm_medium=social&amp;utm_source=facebook.com&amp;utm_campaign=buffer\" target=\"_blank\">Kommentar im<em>\u00a0Freitag<\/em><\/a>. Auch Margarete Stokowski versucht in ihrer <a href=\"http:\/\/www.spiegel.de\/kultur\/gesellschaft\/volker-beck-ploetzlich-ein-untoter-kolumne-a-1080385.html\" target=\"_blank\">Kolumne auf <em>Spiegel online<\/em><\/a>, ein wenig Dampf aus der Sache zu nehmen und das Ganze etwas n\u00fcchtern zu betrachten.\u00a0[Karl]<\/p>\n<p>12. Zu einer leider eher negativen Auslegung unserer derzeitigen Art der \u201eSolidarit\u00e4t\u201c kommt der US-amerikanische Soziologe Richard Sennett nach langj\u00e4hriger Forschung. Im Rahmen eines <a href=\"http:\/\/www.3sat.de\/page\/?source=\/kulturzeit\/themen\/185500\/index.html\" target=\"_blank\">Interviews f\u00fcr <em>kulturzeit (3sat)<\/em><\/a>\u00a0bringt er die Grundthese seines k\u00fcrzlich erschienen Buches \u201eZusammenarbeit\u201c\u00a0zur Sprache: Die Menschen in den Industrienationen wollen in einer berechenbaren Welt leben (oder auch einer\u00a0\u201eeinfach zu verstehenden Welt\u201c). Deshalb verdr\u00e4ngen sie die gesellschaftlichen Unterschiede (z. B. die Schere zwischen Arm und Reich) und blenden entsprechende Erfahrungen aus. Anders aussehende Menschen\u00a0sehen jedoch\u00a0\u201efremd\u201c\u00a0aus, sodass sie damit dieses Konzept der Gleichheit in Gefahr bringen und entsprechend als \u201egef\u00e4hrlich\u201c eingestuft werden. Mich hat das Interview neugierig auf sein Buch gemacht.\u00a0[Dirk]<\/p>\n<p>13. Im Jahr 2012 wurde in Berlin-Neuk\u00f6lln der damals 22-j\u00e4hrige Burak Bektas auf offener Stra\u00dfe und scheinbar ohne jedes Motiv erschossen. Nun rollt ein 21-min\u00fctiger <a href=\"http:\/\/www.deutschlandradiokultur.de\/der-mord-an-burak-bektas-stille-nach-dem-schuss.1001.de.html?dram%3Aarticle_id=347133\" target=\"_blank\">Beitrag von\u00a0<em>Deutschlandradio Kultur<\/em><\/a>\u00a0(liegt dort auch in schriftlicher Form vor) diesen Vorfall noch mal auf, wobei sich erschreckende Tendenzen zur Nichtaufkl\u00e4rung und unsauberen Ermittlung, gepaart mit L\u00fcgen und Zur\u00fcckhalten von Beweismaterial, bei Staatsanwaltschaft und Polizei ergeben. Vom NSU-Versagen nichts gelernt, wie es scheint &#8230; [Karl]<\/p>\n<p>14. Passend zum Hinweis 13: In einem <a href=\"http:\/\/www.tagesschau.de\/inland\/terror-von-rechts-101.html\" target=\"_blank\">Artikel auf\u00a0<em>tagesschau.de<\/em><\/a> geht es um terroristische Strukturen in der Neonaziszene in Deutschland,\u00a0die sich relativ unbehelligt bilden k\u00f6nnen, da Polizei und Staatsanwaltschaft bei rechtsradikalen Straftaten nur sehr lasch bis gar nicht ermitteln: Fahndungsbilder werden nicht ver\u00f6ffentlicht, Verbrechen werden heruntergespielt (hierzu auch den zweimin\u00fctigen Beitrag des\u00a0<em>nachtmagazins<\/em> auf der Seite anschauen), und mehrere Hundert rechte Straft\u00e4ter sind mittlerweile untergetaucht, sodass die Haftbefehle nicht vollstreckt werden konnten. [Karl]<\/p>\n<p>15. Marcus Kl\u00f6ckner besch\u00e4ftigt sich in einem <a href=\"http:\/\/www.heise.de\/tp\/artikel\/47\/47594\/1.html\" target=\"_blank\">Artikel auf\u00a0<em>Telepolis<\/em><\/a> mit dem Umgang gro\u00dfer Tageszeitungen mit kritischen Leserkommentaren in Foren und Kommentarspalten. Dass viele Redaktionen diese interaktiven Bereiche mittlerweile eingeschr\u00e4nkt haben, liegt nach Ansicht des Autors nicht nur daran, dass sich dort Hasskommentare h\u00e4ufen, wie es kommuniziert wird, sondern h\u00e4ngt auch damit zusammen, dass die Medien sich in ihrer Deutungshoheit angegriffen f\u00fchlen durch gut informierte Leser, die einseitigen Journalismus bem\u00e4ngeln.\u00a0[Karl]<\/p>\n<p>16. Der Hinweis auf ein neues <a href=\"https:\/\/www.youtube.com\/watch?v=hql6LyrjlMU\" target=\"_blank\">Video von Rayk Anders<\/a> darf hier in den letzten Wochen ja nicht fehlen. Diesmal fasst er in seinem Format <em>Headlinez<\/em> in knapp f\u00fcnf Minuten zusammen, wie die Atomwirtschaft sich zun\u00e4chst mal von Steuergeldern aufbauen l\u00e4sst, um dann fette Gewinne einzustreichen und nun, wo der Atomausstieg beschlossen ist, wieder zusieht, dass der Steuerzahler m\u00f6glichst viele Kosten \u00fcbernimmt. Tja, wer schon immer gesagt hat, das Atomenergie der letzte Schei\u00df ist, der hat dann doch offensichtlich Recht behalten. [Karl]<\/p>\n<p>17. &#8230; und wie sicher und toll das alles funktioniert mit den Atomkraftwerken, kann man laut Artikeln auf\u00a0<a href=\"http:\/\/www.heise.de\/newsticker\/meldung\/Franzoesische-Atomaufsicht-soll-schweren-Zwischenfall-im-AKW-Fessenheim-vertuscht-haben-3128400.html\" target=\"_blank\"><em>heise.de<\/em><\/a>\u00a0und auf <em><a href=\"https:\/\/www.tagesschau.de\/inland\/akw-117.html\" target=\"_blank\">tagesschau.de<\/a>\u00a0<\/em>dann auch gerade feststellen: Im franz\u00f6sischen AKW Fessenheim gab es im April 2014 einen schweren St\u00f6rfall, aber sowohl die \u00d6ffentlichkeit als auch die Internationale Atomenergiebeh\u00f6rde wurden vom Betreiber und der franz\u00f6sischen Atomaufsicht dar\u00fcber nur unzureichend und verharmlosend unterrichtet. Sch\u00f6n, wie verantwortungsvoll da agiert wird. [Karl]<\/p>\n<p>18. <em>LobbyControl<\/em> weist in einem <a href=\"https:\/\/www.lobbycontrol.de\/2016\/03\/jetzt-bestellen-wenn-konzerne-den-protest-managen\/\" target=\"_blank\">Artikel<\/a>\u00a0auf eine Dokumentation zur Tagung\u00a0\u201eWenn Konzerne den Protest managen &#8230;\u201c hin. Darin geht es um Strategien von Konzernen, um eigene B\u00fcrgerinitiativen ins Leben zu rufen und zu finanzieren, die dann im Sinne der Konzerne t\u00e4tig werden. Graswurzellobbyismus sozusagen, um Greenwashing zu betreiben. Interessantes Thema, das 20-seitige PDF kann man auf der verlinkten Seite herunterladen. [Karl]<\/p>\n<p>19. Einige Experten weisen ja schon seit Monaten darauf hin, ein <a href=\"http:\/\/www.sueddeutsche.de\/wirtschaft\/frickes-welt-fluechtige-kosten-1.2890242\" target=\"_blank\">Artikel in der\u00a0<em>S\u00fcddeutschen Zeitung<\/em><\/a> zeigt, dass diese Erkenntnis nun auch in den Mainstream-Medien angekommen ist: Die Panikmache wegen der hohen Kosten, die durch Fl\u00fcchtlinge in diesem Jahr verursacht werden, ist recht unbegr\u00fcndet, da diese Ausgaben vielmehr wie eine Art Konjunkturprogramm funktionieren und sich somit zu einem guten Teil selbst refinanzieren. [Karl]<\/p>\n<p>20. Entlarvend! In einem <a href=\"http:\/\/www.nachdenkseiten.de\/?p=31810\" target=\"_blank\">Artikel der\u00a0<em>NachDenkSeiten<\/em><\/a> wird beschrieben, wie der Gastautor Thorsten Wolff sich als Caf\u00e9besitzer ausgegeben hat und einige Volkswirte auf diese Weise mit ihren eigenen Aussagen konfrontiert hat, dass der Mindestlohn Arbeitspl\u00e4tze vernichten w\u00fcrde, die nicht produktiv genug sind, um 8,50 Euro zu erwirtschaften. Die wenigen Antworten, die er daraufhin \u00fcberhaupt bekommen hat (zwei von f\u00fcnf), weisen zu Recht darauf hin, dass eine Berechnung der Wirtschaftlichkeit nur f\u00fcr ein Unternehmen insgesamt und nicht f\u00fcr einzelne Angestellte durchgef\u00fchrt werden kann &#8211; und widersprechen damit ihrer eigenen Anti-Mindestlohn-Propaganda. [Karl]<\/p>\n<p>21. Noch mal die\u00a0<em>NachDenkSeiten<\/em>. Paul Schreyer hat gerade ein Buch geschrieben mit dem Titel\u00a0\u201eWer regiert das Geld?\u201c. Jens Wernicke hat aus diesem Anlass ein <a href=\"http:\/\/www.nachdenkseiten.de\/?p=31761\" target=\"_blank\">Interview<\/a> mit dem Autor gef\u00fchrt, in dem es um genau dieses Thema geht, also auch um die Funktionsweise des Geldsystems: Wer schafft \u00fcberhaupt Geld? Die Antwort darauf und weitere Aspekte, die Schreyer anspricht, d\u00fcrften f\u00fcr die meisten recht \u00fcberraschend, aber auch erschreckend sein. [Karl]<\/p>\n","protected":false},"excerpt":{"rendered":"<p>An dieser Stelle pr\u00e4sentieren wir regelm\u00e4\u00dfig Links, die wir unter der Woche entdeckt haben, zu denen wir selbst nicht mehr viel schreiben m\u00fcssen und die wir teilenswert finden. Viel Spa\u00df beim Lesen und Anschauen!<\/p>\n","protected":false},"author":5,"featured_media":0,"comment_status":"open","ping_status":"closed","sticky":false,"template":"","format":"standard","meta":{"footnotes":""},"categories":[193],"tags":[],"class_list":["post-4839","post","type-post","status-publish","format-standard","hentry","category-woechentliches"],"_links":{"self":[{"href":"https:\/\/www.unterstroemt.de\/index.php?rest_route=\/wp\/v2\/posts\/4839","targetHints":{"allow":["GET"]}}],"collection":[{"href":"https:\/\/www.unterstroemt.de\/index.php?rest_route=\/wp\/v2\/posts"}],"about":[{"href":"https:\/\/www.unterstroemt.de\/index.php?rest_route=\/wp\/v2\/types\/post"}],"author":[{"embeddable":true,"href":"https:\/\/www.unterstroemt.de\/index.php?rest_route=\/wp\/v2\/users\/5"}],"replies":[{"embeddable":true,"href":"https:\/\/www.unterstroemt.de\/index.php?rest_route=%2Fwp%2Fv2%2Fcomments&post=4839"}],"version-history":[{"count":28,"href":"https:\/\/www.unterstroemt.de\/index.php?rest_route=\/wp\/v2\/posts\/4839\/revisions"}],"predecessor-version":[{"id":4908,"href":"https:\/\/www.unterstroemt.de\/index.php?rest_route=\/wp\/v2\/posts\/4839\/revisions\/4908"}],"wp:attachment":[{"href":"https:\/\/www.unterstroemt.de\/index.php?rest_route=%2Fwp%2Fv2%2Fmedia&parent=4839"}],"wp:term":[{"taxonomy":"category","embeddable":true,"href":"https:\/\/www.unterstroemt.de\/index.php?rest_route=%2Fwp%2Fv2%2Fcategories&post=4839"},{"taxonomy":"post_tag","embeddable":true,"href":"https:\/\/www.unterstroemt.de\/index.php?rest_route=%2Fwp%2Fv2%2Ftags&post=4839"}],"curies":[{"name":"wp","href":"https:\/\/api.w.org\/{rel}","templated":true}]}}