{"id":4881,"date":"2016-03-05T09:41:01","date_gmt":"2016-03-05T08:41:01","guid":{"rendered":"https:\/\/www.unterstroemt.de\/?p=4881"},"modified":"2016-03-05T09:41:01","modified_gmt":"2016-03-05T08:41:01","slug":"schaebigkeit-a-la-afd","status":"publish","type":"post","link":"https:\/\/www.unterstroemt.de\/?p=4881","title":{"rendered":"Sch\u00e4bigkeit \u00e0 la AfD"},"content":{"rendered":"<p>Dass Beatrix von Storch von der AfD bei einer Veranstaltung ihrer Partei am vergangenen Wochenende\u00a0von einem als Clown verkleideten Aktivisten des Peng-Kollektivs eine Torte ins Gesicht bekommen hat, d\u00fcrfte sich ja mittlerweile hinl\u00e4nglich\u00a0rumgesprochen haben. (F\u00fcr alle, die das noch nicht gesehen habe, gibt es hier bei den\u00a0<em>Ruhrbaronen<\/em> das <a href=\"http:\/\/www.ruhrbarone.de\/peng-kollektiv-erklaert-kindertod-von-storch-den-tortalen-krieg\/122593\" target=\"_blank\">Video von der Aktion<\/a> zu sehen.) Das Ganze war als Reaktion auf von Storchs Aussage, dass man an der Grenze auf Fl\u00fcchtlinge schie\u00dfen lassen sollte, gedacht und hat die AfD-Matrone auch reichlich dumm dastehen lassen. So was l\u00e4sst sich jemand wie von Storch allerdings nicht gefallen, und was dann folgte, war \u00fcberhaupt nicht mehr lustig, sondern in hohem Ma\u00dfe kriminell. Aber so kennt man ja die die AfD und ihren verkorksten Anhang.<\/p>\n<p>Zun\u00e4chst mal emp\u00f6rte sich von Storch auf <em>Facebook<\/em>\u00a0\u00fcber das Geschehen und setzte den Clown mit jemandem gleich, der Autos anz\u00fcndete. Na ja, ziemlich schwaches Niveau halt, aber eben nichts Ungew\u00f6hnliches, wenn AfDler versuchen, bei ihren Fans Beifall zu heischen:<\/p>\n<figure id=\"attachment_4883\" class=\"thumbnail wp-caption aligncenter\" style=\"width: 246px\"><a href=\"https:\/\/www.unterstroemt.de\/wp-content\/uploads\/Bildschirmfoto-2016-03-04-um-17.13.49.png\" target=\"_blank\"><img loading=\"lazy\" decoding=\"async\" class=\"wp-image-4883 size-medium\" src=\"https:\/\/www.unterstroemt.de\/wp-content\/uploads\/Bildschirmfoto-2016-03-04-um-17.13.49-236x300.png\" alt=\"Bildschirmfoto 2016-03-04 um 17.13.49\" width=\"236\" height=\"300\" srcset=\"https:\/\/www.unterstroemt.de\/wp-content\/uploads\/Bildschirmfoto-2016-03-04-um-17.13.49-236x300.png 236w, https:\/\/www.unterstroemt.de\/wp-content\/uploads\/Bildschirmfoto-2016-03-04-um-17.13.49.png 514w\" sizes=\"auto, (max-width: 236px) 100vw, 236px\" \/><\/a><figcaption class=\"caption wp-caption-text\">Zum Vergr\u00f6\u00dfern bitte die Abbildung anklicken.<\/figcaption><\/figure>\n<p>Was dann jedoch zeitgleich von ihr folgte (und mittlerweile nicht mehr auf ihrem Profil zu sehen ist), war dann schon ein anderes Kaliber, und neben zahlreichen Kommentaren, die sich \u00fcber von Storch lustig machten und die Aktion des Clowns guthie\u00dfen, kam es dann auch\u00a0zu Statements, die von Storch wohl beabsichtigt hatte, als sie das Bild des Aktivisten zusammen mit seinem vollen Namen postete (ganz unten im Screenshot):<\/p>\n<figure id=\"attachment_4884\" class=\"thumbnail wp-caption aligncenter\" style=\"width: 135px\"><a href=\"https:\/\/www.unterstroemt.de\/wp-content\/uploads\/Bildschirmfoto-2016-02-29-um-18.57.32.png\" target=\"_blank\"><img loading=\"lazy\" decoding=\"async\" class=\"wp-image-4884 size-medium\" src=\"https:\/\/www.unterstroemt.de\/wp-content\/uploads\/Bildschirmfoto-2016-02-29-um-18.57.32-125x300.png\" alt=\"Bildschirmfoto 2016-02-29 um 18.57.32\" width=\"125\" height=\"300\" srcset=\"https:\/\/www.unterstroemt.de\/wp-content\/uploads\/Bildschirmfoto-2016-02-29-um-18.57.32-125x300.png 125w, https:\/\/www.unterstroemt.de\/wp-content\/uploads\/Bildschirmfoto-2016-02-29-um-18.57.32-427x1024.png 427w, https:\/\/www.unterstroemt.de\/wp-content\/uploads\/Bildschirmfoto-2016-02-29-um-18.57.32.png 504w\" sizes=\"auto, (max-width: 125px) 100vw, 125px\" \/><\/a><figcaption class=\"caption wp-caption-text\">Zum Vergr\u00f6\u00dfern bitte die Abbildung anklicken.<\/figcaption><\/figure>\n<blockquote><p>Na du Ratte wir kennen jetzt deine Adresse!<\/p><\/blockquote>\n<p>Und jetzt h\u00f6rt n\u00e4mlich der Spa\u00df komplett auf, denn auch von Storch d\u00fcrfte wissen, wie ihre Anh\u00e4nger so drauf sind, schlie\u00dflich liefert sie diesen ja stets genug Futter, zudem muss man ja nur die Kommentarspalten von AfD-Seiten lesen, um mitzubekommen, wie dort Gewaltfantasien gefr\u00f6nt wird. Die <em>taz<\/em> berichtet in zwei Artikeln (<a href=\"http:\/\/www.taz.de\/Von-Storch-veroeffentlicht-Aktivistenfoto\/!5279258\/\" target=\"_blank\">hier<\/a> und <a href=\"http:\/\/www.taz.de\/Nach-Attacke-auf-AfD-Frau-von-Storch\/!5280487\/\" target=\"_blank\">hier<\/a>) \u00fcber das Unvermeidliche:\u00a0Jean Peters bekam reichlich Morddrohungen, zudem wurde bei ihm das von Rechten schon h\u00e4ufiger gew\u00e4hlte Einsch\u00fcchterungsmittel angewandt, dass die Polizei verst\u00e4ndigt und dieser mitgeteilt wurde, Peters h\u00e4tte seine Frau ermordet. Das ist dann also die Reaktion der angeblich so rechtsstaatlichen und \u00fcberhaupt nicht rechtsextremen AfD-Anh\u00e4nger &#8230;<\/p>\n<p>Man kann nun dar\u00fcber streiten, ob die Aktion von Peters mit der Torte gelungen war und als legitimer Protest gegen von Storchs \u00c4u\u00dferungen gewertet werden kann, aber eine Torte im Gesicht ist dann doch noch mal eine andere Nummer als\u00a0Morddrohungen, finde ich. Bei der AfD sieht man das allerdings anscheinend nicht so, hier ein Absatz dazu aus einem der oben verlinkten\u00a0<em>taz<\/em>-Artikel:<\/p>\n<blockquote><p>Ganz so unbeteiligt tun allerdings nicht alle in der AfD. Parteisprecher Ronald Gl\u00e4ser wunderte sich offenbar nicht \u00fcber die Urheber der Morddrohungen aus seinem Lager. Er sagte der taz: \u201eWer mit dem tortalen Krieg droht, darf sich nicht wundern, wenn auch unsere Leute mit \u00fcbertriebenen Emotionen reagieren.\u201c<\/p><\/blockquote>\n<p>Jemanden \u00f6ffentlich vor den eigenen bekannt gewaltbereiten Anh\u00e4ngern an den Onlinepranger stellen und dann auch noch Verst\u00e4ndnis daf\u00fcr heucheln, wenn es absehbar kriminell wird: Die AfD zeigt nun eindeutig, dass sie eine rechtsextreme Partei ist, die mit Rechtsstaatlichkeit nicht viel am Hut hat. Dass von Storch aufgrund ihrer gekr\u00e4nkten Eitelkeit nun so reagiert, zeigt vor allem, dass sie f\u00fcr ein politisches Amt vollkommen ungeeignet ist. Wie ihre Partei eben: auf allen Ebenen sch\u00e4big!<\/p>\n","protected":false},"excerpt":{"rendered":"<p>Dass Beatrix von Storch von der AfD bei einer Veranstaltung ihrer Partei vor einigen Tagen von einem Aktivisten des Peng-Kollektivs eine Torte ins Gesicht bekommen hat, d\u00fcrfte sich ja mittlerweile hinl\u00e4nglich rumgesprochen haben. Das Ganze war als Reaktion auf von Storchs Aussage, dass man an der Grenze auf Fl\u00fcchtlinge schie\u00dfen lassen sollte, gedacht und hat die AfD-Matrone auch reichlich dumm dastehen lassen. So was l\u00e4sst sich jemand wie von Storch allerdings nicht gefallen, und was dann folgte, war \u00fcberhaupt nicht mehr lustig, sondern in hohem Ma\u00dfe kriminell. Aber so kennt man ja die die AfD und ihren verkorksten Anhang.<\/p>\n","protected":false},"author":3,"featured_media":0,"comment_status":"open","ping_status":"closed","sticky":false,"template":"","format":"standard","meta":{"footnotes":""},"categories":[50],"tags":[141,185],"class_list":["post-4881","post","type-post","status-publish","format-standard","hentry","category-politisches","tag-afd","tag-rechtsextremismus"],"_links":{"self":[{"href":"https:\/\/www.unterstroemt.de\/index.php?rest_route=\/wp\/v2\/posts\/4881","targetHints":{"allow":["GET"]}}],"collection":[{"href":"https:\/\/www.unterstroemt.de\/index.php?rest_route=\/wp\/v2\/posts"}],"about":[{"href":"https:\/\/www.unterstroemt.de\/index.php?rest_route=\/wp\/v2\/types\/post"}],"author":[{"embeddable":true,"href":"https:\/\/www.unterstroemt.de\/index.php?rest_route=\/wp\/v2\/users\/3"}],"replies":[{"embeddable":true,"href":"https:\/\/www.unterstroemt.de\/index.php?rest_route=%2Fwp%2Fv2%2Fcomments&post=4881"}],"version-history":[{"count":6,"href":"https:\/\/www.unterstroemt.de\/index.php?rest_route=\/wp\/v2\/posts\/4881\/revisions"}],"predecessor-version":[{"id":4889,"href":"https:\/\/www.unterstroemt.de\/index.php?rest_route=\/wp\/v2\/posts\/4881\/revisions\/4889"}],"wp:attachment":[{"href":"https:\/\/www.unterstroemt.de\/index.php?rest_route=%2Fwp%2Fv2%2Fmedia&parent=4881"}],"wp:term":[{"taxonomy":"category","embeddable":true,"href":"https:\/\/www.unterstroemt.de\/index.php?rest_route=%2Fwp%2Fv2%2Fcategories&post=4881"},{"taxonomy":"post_tag","embeddable":true,"href":"https:\/\/www.unterstroemt.de\/index.php?rest_route=%2Fwp%2Fv2%2Ftags&post=4881"}],"curies":[{"name":"wp","href":"https:\/\/api.w.org\/{rel}","templated":true}]}}