{"id":6674,"date":"2016-11-27T15:13:16","date_gmt":"2016-11-27T14:13:16","guid":{"rendered":"https:\/\/www.unterstroemt.de\/?p=6674"},"modified":"2016-11-27T15:13:16","modified_gmt":"2016-11-27T14:13:16","slug":"interessantes-aus-kw-472016","status":"publish","type":"post","link":"https:\/\/www.unterstroemt.de\/?p=6674","title":{"rendered":"Interessantes aus KW 47\/2016"},"content":{"rendered":"<p>An dieser Stelle pr\u00e4sentieren wir regelm\u00e4\u00dfig Links, die wir unter der Woche entdeckt haben, zu denen wir selbst nicht mehr viel schreiben m\u00fcssen und die wir teilenswert finden. Viel Spa\u00df beim Lesen und Anschauen!<\/p>\n<p>1. Einen treffenden <a href=\"http:\/\/www.rationalgalerie.de\/home\/der-agenda-praesident.html\" target=\"_blank\">Kommentar zur m\u00f6glichen (und leider wahrscheinlichen) Bundespr\u00e4sidentschaft von Frank-Walter Steinmeier<\/a> findet man auf der Webseite\u00a0<em>Rationalgalerie<\/em>. Dort werden auf humorvolle und sarkastische Art und Weise Steinmeiers\u00a0\u201eVerdienste\u201c aufgef\u00fchrt. Nicht ganz aktuell allerdings, denn die Linke hat ja mit Christoph Butterwegge mittlerweile einen eigenen Kandidaten benannt, aber dennoch sehr am\u00fcsant zu lesen. [Karl]<\/p>\n<p>2. Wie einfach man sich bei Veranstaltungen mit Spitzenpolitikern einkaufen kann, zeigt <em>Frontal21<\/em> (ZDF) in ihrer <a href=\"https:\/\/www.zdf.de\/politik\/frontal-21\/frontal-21-vom-22-november-2016-100.html\" target=\"_blank\">45-min\u00fctigen Sendung<\/a>. Dabei geht es vermeindlich kleine Summen (3.000, 5.000 oder 15.000 Euro), um \u00fcber ein Sponsoring an Veranstaltungen teilzunehmen. Besser noch: ein sogenanntes \u201eVorw\u00e4rts-Gespr\u00e4ch\u201c (ehemals \u201eKamingespr\u00e4che\u201c) f\u00fcr schlappe 7.000 Euro, bei dem man dann den oder die Politiker(in) der Wahl zum Abendessen ausf\u00fchrt! Ich kann schon wieder gar nicht so viel essen, wie ich kotzen m\u00fcsste. [Dirk]<\/p>\n<p>3. Im Rahmen des\u00a0\u201eAlternativen Wissenskongresses (AWK) 2016\u201c laufen einige Beitr\u00e4ge, die man durchaus skeptisch hinterfragen und beleuchten sollte. In einem <a href=\"https:\/\/www.youtube.com\/channel\/UC5c_uiq2lg1tyXAbLfMQjDQ\" target=\"_blank\">einst\u00fcndigen\u00a0Vortrag<\/a> erl\u00e4utert <em>Ernst Wolff<\/em> (Autor des <a href=\"https:\/\/www.unterstroemt.de\/?p=5651\" target=\"_blank\">hier vorgestellten Buches<\/a> \u201eWeltmacht IWF &#8211; Chronik eines Raubzugs\u201c) seine Bedenken bez\u00fcglich des IWF. Ich empfehle jedem die ersten 18\u00a0Minuten, um allein die Fakten zur F\u00fchrungsspitze des IWF zu h\u00f6ren (hier unterhaltsam als Aufsatz eines Sch\u00fclers wiedergegeben). Bei <em>LobbyControl<\/em> gibt es dazu eine <a href=\"https:\/\/www.lobbycontrol.de\/2016\/11\/politik-darf-nicht-kaeuflich-sein\/#pk_campaign=20161123C\" target=\"_blank\">entsprechende Petition<\/a>. [Dirk]<\/p>\n<p>4. Das wundert einen leider nicht: Ein <a href=\"http:\/\/www.heise.de\/newsticker\/meldung\/US-Studie-Schueler-koennen-fundierte-Nachrichten-nicht-erkennen-3494005.html?utm_content=buffera4b1d&amp;utm_medium=social&amp;utm_source=facebook.com&amp;utm_campaign=buffer\" target=\"_blank\">Artikel auf\u00a0<em>heise.de<\/em><\/a> berichtet von einer US-amerikanischen Untersuchung von Kindern und Jugendlichen zu deren Medienkompetenz. Ergebnis: Die meisten von denen k\u00f6nnen nicht zwischen Werbung und Nachrichten entscheiden und wenden auch erschreckend einf\u00e4ltige Beurteilungskriterien an, um die Glaubw\u00fcrdigkeit einer Information zu \u00fcberpr\u00fcfen. Das best\u00e4tigt zum einen die zunehmende Verbl\u00f6dung durch naiven Medienkonsum und zum anderen die dringende Notwendigkeit von einem Unterrichtsfach Medienkompetenz. [Karl]<\/p>\n<p>5. Noch mal\u00a0<em>heise.de<\/em>: Smarthomes und das sogenannte Internet of Things sind ja gerade der letzte Schrei. Dass es sich dabei vor allem um komplett unn\u00fctzen Mumpitz handelt, der vor allem der Datensammelwut der Hersteller nutzt, fasst ein <a href=\"http:\/\/www.heise.de\/newsticker\/meldung\/Kommentar-The-Internet-of-Shitty-Things-3492221.html\" target=\"_blank\">Kommentar von Clemens Gleich<\/a> in durchaus drastischen, aber auch am\u00fcsanten Worten zusammen. Klar, wer sowieso nur in sein Bl\u00f6dphpen glotzt, der meint auch, sein Klopapier mittels einer App abwickeln zu m\u00fcssen, f\u00fcr alle anderen bietet diese vermeintliche Innovation allerdings kaum Sinnvolles. [Karl]<\/p>\n<p>6. Neues von der AfD: Dass die Partei ein Haufen von Karrieristen ist, denen es vor allem darum geht, lukrative politische Posten zu bekommen und die sich daf\u00fcr gern weniger reflektierter W\u00e4hler mithilfe von rechten Ressentiments bedienen, ist nun zwar schon etwas l\u00e4nger bekannt (oder konnte zumindest fundiert vermutet werden), nun pr\u00e4sentiert ein <a href=\"http:\/\/www.stern.de\/politik\/deutschland\/whatsapp-gruppe-afd-nordrhein-westfalen---demokratie-ist-nur-gut--wenn-sie-einem-nuetzt--7206824.html\" target=\"_blank\">Artikel im\u00a0<em>Stern<\/em><\/a> einen Beleg daf\u00fcr: Der Redaktion\u00a0liegen die Chats aus einer geheimen Wahtsapp-Gruppe vor, aus denen hervorgeht, wie auf Wahlparteitagen daf\u00fcr gesorgt wird, dass m\u00f6glichst nur bestimmte Parteimitglieder auf die Wahllisten kommen. Nebenbei wird auch noch deutlich, was die AfD-Bonzen von ihrer Parteibasis halten &#8211; n\u00e4mlich nicht eben viel. [Karl]<\/p>\n<p>7. Jens Berger setzt sich in einem <a href=\"http:\/\/www.nachdenkseiten.de\/?p=35950\" target=\"_blank\">Artikel auf den\u00a0<em>NachDenkSeiten<\/em><\/a> mit dem zurzeit sehr in Mode gekommenen Begriff\u00a0\u201epostfaktisch\u201c auseinander. Dabei beleuchtet er den eigentlichen Ursprung des Wortes und wie es nun von unseren herrschenden Meinungsmachern im Grunde komplett umgedreht wird, sodass es in deren Sinne verwendet werden kann. [Karl]<\/p>\n<p>8. Der Chef der Deutschen Polizeigewerkschaft Rainer Wendt ist ja schon h\u00e4ufiger als Scharfmacher mit Hang zum rechten Rand aufgefallen. Nun hat er sich mit erneutem unfundiertem Gezeter allerdings ein wenig in die Nesseln gesetzt, wie ein <a href=\"http:\/\/www.spiegel.de\/panorama\/justiz\/rainer-wendt-kritik-an-chef-der-deutschen-polizeigewerkschaft-a-1122781.html\" target=\"_blank\">Artikel auf <em>Spiegel Online<\/em><\/a> berichtet, denn nach seinen \u00c4u\u00dferungen nach einer Gewalttat in Hameln erntet er deutliche Kritik vonseiten der Justiz und auch der Polizei. Auf etwas pointiertere Art (wie von ihm gewohnt) liest Heinrich Schmidt Wendet in einem <a href=\"http:\/\/diekolumnisten.de\/2016\/11\/26\/der-stoerer\/\" target=\"_blank\">Artikel auf <em>Die Kolumnisten<\/em><\/a> die Leviten. Dabei formuliert er auch die Forderung an die Medien, doch nicht immer nur diesem Verbalkrawallisten eine Plattform zu bieten, sondern auch mal bei anderen polizeilichen Verb\u00e4nden mit weniger rechtslastigen Sprechern nachzufragen. [Karl]<\/p>\n<p>9. Um\u00a0CETA ist es\u00a0ja nun in letzter Zeit ein wenig\u00a0ruhiger geworden. Gerade teilt\u00a0allerdings Sven Giegold, der f\u00fcr die Gr\u00fcnen im EU-Parlament sitzt, in einer <a href=\"http:\/\/www.sven-giegold.de\/2016\/ceta-grosse-koalition-verhindert-rechtssicherheit-bei-paralleljustiz\/\" target=\"_blank\">Meldung in seinem Blog<\/a> mit, dass eine gro\u00dfe Koalition aus Christdemokraten, Liberalen, Rechtskonservativen (so viel mal dazu, dass die AfD gegen derartige Abkommen sei, was sie ihrem Wahlvolk ja ganz ungeniert immer wieder auftischt) und vielen Sozialdemokraten verhindert hat, dass CETA vom Europ\u00e4ischen Gerichtshof gepr\u00fcft wird.\u00a0Da will man also so schnell wie m\u00f6glich irgendwie dieses Abkommen durchboxen und eventuelle inhaltliche Kritik an sachlichen M\u00e4ngeln gar nicht erst aufkommen lassen. Sch\u00e4big, oder? [Karl]<\/p>\n<p>10. Und noch mal was zur AfD: Jan B\u00f6hmermann beleuchtet in einem neuneinhalbmin\u00fctigen\u00a0<a href=\"https:\/\/www.youtube.com\/watch?v=5vP5OPjKiWM&amp;t=330s\" target=\"_blank\">Beitrag seiner <em>ZDF-<\/em>Sendung <em>Neo Magazin Royale<\/em><\/a>, was denn die AfD so alles an parlamentarischer Oppositionsarbeit leistet (immerhin sitzen die ja in zehn Landesparlamenten). Die vorgef\u00fchrten Resultate sind zum Lachen erb\u00e4rmlich. Und auch Rayk Anders besch\u00e4ftigt sich in seinem neusten gut sechsmin\u00fctigen\u00a0<a href=\"https:\/\/www.youtube.com\/watch?v=rV_S2cXl7OE\" target=\"_blank\"><em>Headlinez<\/em>-Video<\/a> mit der Rechtspartei, da im Mainzer Landtag ein AfD-Redner sich \u00fcber eins von Rayks Videos monierte, in dem die AfD nicht so gut wegkam, da sie sich gegen sexuelle Vielfalt und f\u00fcr Ausgrenzung positionierte. Zu dem Thema findet auch Stefan Niggemeier in einem treffenden\u00a0<a href=\"http:\/\/uebermedien.de\/9881\/der-kampf-der-afd-gegen-das-kindeswohl\/\" target=\"_blank\">Kommentar\u00a0auf\u00a0<em>\u00dcber Medien<\/em><\/a> deutliche Worte, indem er feststellt, dass die AfD gegen das Kindeswohl ank\u00e4mpft.\u00a0[Karl]<\/p>\n<p>11. Atomm\u00fcll ist ein gro\u00dfes Problem unserer Zeit und auch noch f\u00fcr zuk\u00fcnftige Generationen. Wenn nun CDU, SPD und Gr\u00fcne zusammen einen Deal aushandeln, wie damit umgegangen werden soll, dann kommt dabei (nicht \u00fcberraschend) quasi ein Freifahrtschein f\u00fcr die vier gro\u00dfen Energiekonzerne heraus, wie ein sechseinhalbmin\u00fctiger <a href=\"http:\/\/www1.wdr.de\/daserste\/monitor\/sendungen\/atom-deal-100.html\" target=\"_blank\">Bericht der\u00a0<em>ARD<\/em>-Sendung\u00a0<em>Monitor<\/em><\/a> berichtet. Gegen eine Einmalzahlung von gut 23 Mrd. Euro d\u00fcrfen sich die Konzerne n\u00e4mlich freikaufen und somit die tats\u00e4chlichen Kosten, die wesentlich h\u00f6her ausfallen werden, auf den Staat und damit auf die Steuerzahler abw\u00e4lzen. Bezeichnend, dass den Konzernen das immer noch zu viel ist &#8230; [Karl]<\/p>\n<p>12. Auf den Blog\u00a0<em>der spiegelfechter<\/em> haben wir ja schon \u00f6fter verwiesen, nun haben die Macher diesen eingestellt und bieten eine neue Plattform an: die\u00a0<em>neulandrebellen<\/em>. Dort findet sich auch gleich ein treffender <a href=\"http:\/\/www.neulandrebellen.de\/2016\/11\/hassreden-und-rentner-wir-arbeiten-am-feindbild\/\" target=\"_blank\">Kommentar von Tom Wellbrock<\/a> zum Thema Hassreden. Diese werden ja zurzeit von der Politik und den Medien vielfach thematisiert, und nun weist Wellbrock auf die Heuchelei hin, die dahintersteckt, weil n\u00e4mlich eben genau diejenigen, die sich echauffieren, Hassrede selbst bef\u00f6rdern. [Karl]<\/p>\n<p>13. Das hat man ja schon immer geahnt, nun hat es eine Studie belegt: Genver\u00e4ndertes Saatgut f\u00fchrt weder zu h\u00f6heren Ertr\u00e4gen noch erfordert es einen geringen Einsatz von Pestiziden, wie ein <a href=\"http:\/\/www.infosperber.ch\/Artikel\/Wirtschaft\/GVO-Monsanto-Syngenta-Bayer-Der-grosse-Schwindel\" target=\"_blank\">Artikel des Schweizer Portals\u00a0<em>Infosperber<\/em> <\/a>berichtet. Die\u00a0<em>New York Times<\/em> hat gerade im gro\u00dfen Stil hier\u00fcber berichtet, die deutsche Medienlandschaft h\u00e4lt sich mal wider vornehm zur\u00fcck, da solche Resultate ja nicht mit den Gesch\u00e4ftsinteressen von Monsanto, Bayer und Co. zusammenpassen. In jedem Fall wird nun klar,\u00a0dass es genau diese Konzerne sind, die uns seit Jahrzehnten an der Nase herumf\u00fchren. [Karl]<\/p>\n","protected":false},"excerpt":{"rendered":"<p>An dieser Stelle pr\u00e4sentieren wir regelm\u00e4\u00dfig Links, die wir unter der Woche entdeckt haben, zu denen wir selbst nicht mehr viel schreiben m\u00fcssen und die wir teilenswert finden. Viel Spa\u00df beim Lesen und Anschauen!<\/p>\n","protected":false},"author":5,"featured_media":0,"comment_status":"open","ping_status":"closed","sticky":false,"template":"","format":"standard","meta":{"footnotes":""},"categories":[193],"tags":[],"class_list":["post-6674","post","type-post","status-publish","format-standard","hentry","category-woechentliches"],"_links":{"self":[{"href":"https:\/\/www.unterstroemt.de\/index.php?rest_route=\/wp\/v2\/posts\/6674","targetHints":{"allow":["GET"]}}],"collection":[{"href":"https:\/\/www.unterstroemt.de\/index.php?rest_route=\/wp\/v2\/posts"}],"about":[{"href":"https:\/\/www.unterstroemt.de\/index.php?rest_route=\/wp\/v2\/types\/post"}],"author":[{"embeddable":true,"href":"https:\/\/www.unterstroemt.de\/index.php?rest_route=\/wp\/v2\/users\/5"}],"replies":[{"embeddable":true,"href":"https:\/\/www.unterstroemt.de\/index.php?rest_route=%2Fwp%2Fv2%2Fcomments&post=6674"}],"version-history":[{"count":23,"href":"https:\/\/www.unterstroemt.de\/index.php?rest_route=\/wp\/v2\/posts\/6674\/revisions"}],"predecessor-version":[{"id":6715,"href":"https:\/\/www.unterstroemt.de\/index.php?rest_route=\/wp\/v2\/posts\/6674\/revisions\/6715"}],"wp:attachment":[{"href":"https:\/\/www.unterstroemt.de\/index.php?rest_route=%2Fwp%2Fv2%2Fmedia&parent=6674"}],"wp:term":[{"taxonomy":"category","embeddable":true,"href":"https:\/\/www.unterstroemt.de\/index.php?rest_route=%2Fwp%2Fv2%2Fcategories&post=6674"},{"taxonomy":"post_tag","embeddable":true,"href":"https:\/\/www.unterstroemt.de\/index.php?rest_route=%2Fwp%2Fv2%2Ftags&post=6674"}],"curies":[{"name":"wp","href":"https:\/\/api.w.org\/{rel}","templated":true}]}}