{"id":6977,"date":"2017-01-22T16:09:46","date_gmt":"2017-01-22T15:09:46","guid":{"rendered":"https:\/\/www.unterstroemt.de\/?p=6977"},"modified":"2017-01-22T17:58:33","modified_gmt":"2017-01-22T16:58:33","slug":"interessantes-aus-kw-32017","status":"publish","type":"post","link":"https:\/\/www.unterstroemt.de\/?p=6977","title":{"rendered":"Interessantes aus KW 3\/2017"},"content":{"rendered":"<p>An dieser Stelle pr\u00e4sentieren wir regelm\u00e4\u00dfig Links, die wir unter der Woche entdeckt haben, zu denen wir selbst nicht mehr viel schreiben m\u00fcssen und die wir teilenswert finden. Viel Spa\u00df beim Lesen und Anschauen!<\/p>\n<p>1.\u00a0Harald Lesch lohnt es sich ja immer wieder zuzuh\u00f6ren. In einem f\u00fcnfmin\u00fctigen <a href=\"http:\/\/www.br.de\/mediathek\/video\/sendungen\/quer\/170112-quer-harald-lesch-106.html#&amp;time=\" target=\"_blank\">Ausschnitt aus einem Gespr\u00e4ch mit Christop S\u00fc\u00df<\/a> in der Sendung <em>quer<\/em> des <em>Bayrischen Rundfunks<\/em>\u00a0geht es um SUVs, f\u00fcr die Lesch gar kein Verst\u00e4ndnis hat und dies auch treffend begr\u00fcndet. Sein Exkurs zur mittlerweile fast ausschlie\u00dflich renditeorientierten Forschungspraxis an Hochschulen ist zudem auch noch sehr h\u00f6renswert. [Karl]<\/p>\n<p>2. In einem ausf\u00fchrlichen <a href=\"https:\/\/www.jungewelt.de\/2017\/01-14\/064.php\" target=\"_blank\">Artikel f\u00fcr die\u00a0<em>junge Welt<\/em><\/a> besch\u00e4ftigt sich G\u00f6tz Eisenberg mit dem Populismus und hinterfragt, warum immer mehr Menschen den einfachen Parolen der Rechten hinterherlaufen, wohingegen die Linke diesen anscheinend nichts entgegenzusetzen hat. Seine Analyse ist sehr interessant, denn er schildert, wie das Unbehagen vieler Menschen zustande kommt, die das Gef\u00fchl haben, mit einer sich immer schneller wandelnden Realit\u00e4t nicht mehr Schritt halten zu k\u00f6nnen, und was die Linke machen m\u00fcsste, um Angebote zur Beseitigung dieses Unbehagens nicht nur den Rechten zu \u00fcberlassen. Hochinteressant! [Karl]<\/p>\n<p>3. In der\u00a0<em>Frankfurter Rundschau<\/em> findet sich ein interessantes <a href=\"http:\/\/www.fr-online.de\/energie\/energie--wir-brauchen-andere-energie-konzepte-,1473634,35080072.html\" target=\"_blank\">Interview mit dem Energieexperten Mycle Schneider<\/a>, in dem dieser nicht nur erl\u00e4utert, warum es mit der Atomenergie immer mehr bergab geht, sondern auch interessante Ideen vorstellt, wie Energieversorgung komplett neu konzeptioniert werden kann, z. B. durch die gezielte vermehrte Nutzung von Tageslicht. Neben der Energieersparnis ergeben sich so zudem noch weitere positive Effekte auf die Lebensqualit\u00e4t der Menschen. [Karl]<\/p>\n<p>4. Im Onlinejournalismus geht es immer mehr darum, etwas als Erster zu verk\u00fcnden, auch wenn dabei die journalistische Korrektheit auf der Strecke bleibt. Dass dies ein weit verbreitetes Ph\u00e4nomen ist,\u00a0dar\u00fcber berichtet ein\u00a0<a href=\"http:\/\/meedia.de\/2017\/01\/17\/falschmeldungen-in-serie-zu-angeblichem-npd-verbot-qualitaetsmedien-versagen-bei-verfassungsgerichts-verkuendung\/\" target=\"_blank\"><em>Meedia<\/em>-Artikel von Stefan Winterbauer<\/a>, in dem es um die zahlreichen Meldungen deutscher sogenannter Qualit\u00e4tsmedien ging, dass das Bundesverfassungsgericht die NPD verboten h\u00e4tte &#8211; was allerdings gar nicht der Fall war, da die berichtenden Journalisten die Verlesung des Antrags mit der Urteilsverk\u00fcndung verwechselten und danach noch flei\u00dfig voneinander abschrieben. Eile statt Qualit\u00e4t &#8211; leider nur allzu bezeichnend f\u00fcr unsere\u00a0\u201eQualit\u00e4tsjournalismus\u201c. [Karl]<\/p>\n<p>5. Und noch mal was zum NPD-Verbotsverfahren, diesmal aber mehr zum eigentlich Vorgang: Jens Berger befasst sich in einem <a href=\"http:\/\/www.nachdenkseiten.de\/?p=36654\" target=\"_blank\">Artikel auf den\u00a0<em>NachDenkSeiten<\/em><\/a> mit dem Urteil des Bundesverfassungsgerichts und findet die Entscheidung, die NPD nicht zu verbieten, richtig. Seine Argumentation ist m. E. nachvollziehbar: Zum einen schafft man mit so einem Verbot nicht das rechte Gedankengut der Menschen aus der Welt, zum anderen\u00a0wird der NDP so kein weiterer Opfermythos erm\u00f6glicht, sondern im Gegenteil die Partei mit dem Verweis auf ihre Unbedeutendheit l\u00e4cherlich gemacht. [Karl]<\/p>\n<p>6. Juli Zeh hat einen <a href=\"https:\/\/www.facebook.com\/notes\/allegra\/erst-das-essen-dann-die-moral-von-juli-zeh\/585336305003802\" target=\"_blank\">Artikel f\u00fcr die\u00a0<em>Allegra<\/em><\/a>\u00a0verfasst (zu finden auf deren\u00a0<em>Facebook<\/em>-Pr\u00e4senz), in dem sie sich mit dem Widerspruch besch\u00e4ftigt, dass immer mehr Menschen zwar richtig viel Geld f\u00fcr Biolebensmittel ausgeben, aber ihre Kleidung im Billigladen kaufen. Ihre These: Ern\u00e4hrung dient der eigenen Gesundheit, sodass dort viel Wert auf Qualit\u00e4t gelegt wird, bei Fairtrade-Klamotten profitieren vor allem andere, n\u00e4mlich die Hersteller der Sachen, sodass dies nicht so popul\u00e4r f\u00fcr den neoliberal geschulten Selbstoptimierer ist. Sehr pointiert geschrieben! [Karl]<\/p>\n<p>7. In Syrien droht gerade ein Massaker, und zwar in der Stadt Deir ez-Zor, die vom IS eingenommen zu werden droht. Dar\u00fcber bekommt man allerdings kaum Informationen in unseren sogenannten Leitmedien, sondern h\u00f6chstens mal in einem\u00a0<em><a href=\"https:\/\/www.heise.de\/tp\/features\/Deir-ez-Zor-Ueber-100-000-Bewohner-und-syrische-Armee-vom-IS-eingekesselt-3598933.html\" target=\"_blank\">Telepolis<\/a><\/em><a href=\"https:\/\/www.heise.de\/tp\/features\/Deir-ez-Zor-Ueber-100-000-Bewohner-und-syrische-Armee-vom-IS-eingekesselt-3598933.html\" target=\"_blank\">-Artikel<\/a>, der die Lage dort beschreibt. Dieses Schweigen sowohl der deutschen Medien als auch Politiker, wenn in Syrien Dinge geschehen, die nicht ins eigene Narrativ passen (b\u00f6ser Assad mit b\u00f6sen Russen gegen gute Rebellen), kritisiert G\u00f6tz Aly mit deutlichen Worten in einem <a href=\"http:\/\/www.berliner-zeitung.de\/politik\/meinung\/kommentar-dumpf-deutsches-schweigen-zu-syrien-25558838\" target=\"_blank\">Kommentar f\u00fcr die\u00a0<\/a><a href=\"http:\/\/www.berliner-zeitung.de\/politik\/meinung\/kommentar-dumpf-deutsches-schweigen-zu-syrien-25558838\" target=\"_blank\"><em>Berliner Zeitung<\/em><\/a>. [Karl]<\/p>\n<p>8. Ja, so sind sie, die menschenfreundlichen Deutschen: Laut einem <a href=\"https:\/\/taz.de\/Streit-um-Essensausgabe-fuer-Obdachlose\/!5371800\/\" target=\"_blank\">Artikel in der\u00a0<em>taz<\/em><\/a> haben sich Anwohner und Gewerbetreibende gegen eine Essensausgabe der Berliner Obdachlosenhilfe im Moabiter Hansaviertel beschwert, sodass diese nun nicht mehr auf einem REWE-Parkplatz stattfinden darf. Ein lokaler SPD Politiker lieferte dabei Unterst\u00fctzung, damit sich die Inhaber von neuen Eigentumswohnungen nicht durch die Anwesenheit von Obdachlosen gest\u00f6rt f\u00fchlen. Neoliberale Entsolidarisierung\u00a0in Reinkultur &#8230; [Karl]<\/p>\n<p>9. Im <em>Tagesspiegel <\/em>findet sich ein treffendes <a href=\"http:\/\/www.tagesspiegel.de\/politik\/america-first-warum-trumps-plan-wirtschaftlich-irrational-ist\/19283576.html\" target=\"_blank\">Statement von Harald Schumann<\/a> zur Irrationalit\u00e4t nationalistisch-protektionistischer Wirtschaftspolitik in einer global funktionieren Weltwirtschaft. Und in der Tat interessant, dass nun gerade in den USA und Gro\u00dfbritannien, wo das neoliberale Zerst\u00f6rungswerk der Sozialstaatlichkeit seinen Anfang nahm, diese Wende als Erstes so deutlich vollzogen [Karl]<\/p>\n<p>10. Auch Rayk Anders besch\u00e4ftigt sich in seinem neusten\u00a0<a href=\"https:\/\/www.youtube.com\/watch?v=rJ3aO3Y4flQ\" target=\"_blank\"><em>Headlinez<\/em>-Video<\/a> mit den neuen US-amerikanischen Pr\u00e4sidenten Donald Trump. Dazu entwirft er vier Szenarien, wie dessen Amtszeit verlaufen k\u00f6nnten &#8211; von sehr positiv bis absolut negativ &#8211; und gibt eine Prognose zur Eintretenswahrscheinlichkeit ab. Wie immer unterhaltsame f\u00fcnf Minuten. [Karl]<\/p>\n<p>11. Und in einem dreimin\u00fctigen <a href=\"http:\/\/www.deutschlandradiokultur.de\/drohnenkrieg-obamas-toedliches-erbe.1005.de.html?dram%3Aarticle_id=376686\" target=\"_blank\">Beitrag von Emran Feroz auf\u00a0<em>Deutschlandradio Kultur<\/em><\/a> (dort auch in transkribierter Form vorliegend) geht es ebenfalls mehr oder weniger um Trump &#8211; oder vielmehr um das Erbe, dass er von seinem Vorg\u00e4nger Barack Obama in Form des Drohnenkrieges bekommt. Nach wie vor werden aufgrund einer w\u00f6chentlich vom US-Pr\u00e4sidenten pers\u00f6nlich unterzeichneten Todesliste Menschen \u00fcberall auf der Welt durch Drohne get\u00f6tet &#8211; und zwar nicht nur Terroristen, sondern eben auch viele, die einfach nur zur falschen Zeit am falschen Ort sind. Ein Thema, das viel zu wenig Beachtung in den Medien findet. [Karl]<\/p>\n<p>12. In einem\u00a0achtmin\u00fctigen <a href=\"http:\/\/www1.wdr.de\/daserste\/monitor\/videos\/video-talkshows-buehne-frei-fuer-populisten-100.html\" target=\"_blank\">Bericht der\u00a0<em>ARD<\/em>-Sendung\u00a0<em>Monitor<\/em><\/a>\u00a0geht es um die deutschen Polit-Talkshows. Es wurde untersucht, wie oft klassische AfD-Themen dort behandelt wurden. Das Resultat: In \u00fcber 50 Prozent der Sendungen war dies der Fall. Auf diese Weise wird nicht nur den Rechtspopulisten eine B\u00fchne geboten, auf der sie ihre gezielten Provokationen ablassen k\u00f6nnen, sondern es wird diesem Themenbereich eine h\u00f6here Relevanz einger\u00e4umt, als es tats\u00e4chlich in der Lebensrealit\u00e4t der meisten Menschen der Fall ist. So schafft man \u00c4ngste, wo noch keine vorhanden sind. [Karl]<\/p>\n<p>13. Bj\u00f6rn H\u00f6ckes (AfD) Rede bei der Jungen Alternativen, der Nachwuchsorganisation der AfD, in Dresden hat f\u00fcr einiges Aufsehen gesorgt ob der offen zutage tretenden neonazistischen Gesinnung H\u00f6ckes. In seiner <a href=\"http:\/\/www.spiegel.de\/netzwelt\/web\/bjoern-hoecke-rede-offenbart-gesinnung-kolumne-von-sascha-lobo-a-1130551.html\" target=\"_blank\">Kolumne auf\u00a0<em>Spiegel Online<\/em><\/a> besch\u00e4ftigt sich nun auch Sascha Lobo mit den Verbalausf\u00e4llen H\u00f6ckes und appelliert daran, hier nicht mehr wegzusehen. Schlie\u00dflich erm\u00f6glicht uns das Internet, solche Dinge auch vor Augen gef\u00fchrt zu bekommen. Doch leider werden die meisten dennoch das ignorieren und dar\u00fcber hinwegsehen, ganz abgesehen von den AfD-J\u00fcngern, denen H\u00f6ckes Aussagen zu rechtsradikal sind, die sich dann aber von seiner einen Tag sp\u00e4ter nachgeschobenen Relativierung wieder beruhigen lassen. [Karl]<\/p>\n<p>14. Ein <a href=\"https:\/\/www.lobbycontrol.de\/2017\/01\/parteispendensumpf-spd-oberbuergermeister-verhaftet\/\" target=\"_blank\">Artikel von\u00a0<em>LobbyControl<\/em><\/a> berichtet \u00fcber einen bisher einmaligen Vorgang in Deutschland, n\u00e4mlich das ein amtierender Oberb\u00fcrgermeister dem Haftrichter vorgef\u00fchrt wird. Dies hat sich in Regensburg zugetragen, und es geht bei dem betroffenen Joachim Wollberg (SPD) um Korruption und Versto\u00dfe gegen das Parteispendengesetz, da Spenden eines Bauunternehmens wohl gezielt verschleiert wurden. Leider geht aus dem Artikel auch hervor, dass es sich hier nicht um einen Einzelfall handelt, sondern dass derartige Korruption Methode zu haben scheint und jetzt nur mehr oder weniger zuf\u00e4llig in Regensburg aufgeflogen ist. [Karl]<\/p>\n<p>15. Noch mal\u00a0<em>LobbyControl<\/em>: Ein <a href=\"https:\/\/www.lobbycontrol.de\/2017\/01\/stiftungen-als-lobbyakteure-studie-dokumentiert-intransparenz-und-verdeckte-interessen-bei-bmw-bertelsmann-co\/\" target=\"_blank\">Artikel auf der\u00a0<\/a><a href=\"https:\/\/www.lobbycontrol.de\/2017\/01\/stiftungen-als-lobbyakteure-studie-dokumentiert-intransparenz-und-verdeckte-interessen-bei-bmw-bertelsmann-co\/\" target=\"_blank\">Webseite<\/a> der NGO stellt eine Studie vor, die sich mit Stiftungen gro\u00dfer Unternehmen besch\u00e4ftigt hat und untersuchte, wie es bei diesen ja immer steuerbeg\u00fcnstigten Institutionen um die\u00a0Transparenz und das Durchsetzen verdeckter Unternehmensinteressen bestellt ist. Das Resultat \u00fcberrascht nun nicht so sehr: Transparenz bez\u00fcglich der Mittelverwendung liegt bei den meisten Stiftungen nicht vor, zudem wird oft mehr oder weniger offensichtlich Lobbyarbeit f\u00fcr das eigene Unternehmen betrieben, gesetzliche Regelungen, die das verhindern k\u00f6nnten, gibt es nicht. Kein Wunder also, dass Unternehmensstiftungen in den letzten Jahren so sehr boomen &#8230; [Karl]<\/p>\n<p>16. In einem Dorf bei Kaiserslautern wurde entdeckt, dass zwei junge M\u00e4nner eine gro\u00dfe Menge Explosivstoffe gebunkert haben. Allerdings hat man in \u00fcberregionalen Medien davon kaum etwas vernommen. Roberto J. De Lapuente mutma\u00dft nun in einem <a href=\"https:\/\/www.neues-deutschland.de\/artikel\/1039096.die-wahrheit-ueber-die-luegenpresse.html\" target=\"_blank\">Artikel im\u00a0<em>neuen deutschland<\/em><\/a>, dass die wohl anders gewesen w\u00e4re, wenn diese beiden M\u00e4nner, die wohl einen rechtsradikalen Hintergrund haben, Muslime gewesen w\u00e4ren. Diese selektive Verbreitung von Informationen bezeichnet Lapuente als\u00a0\u201eL\u00fcckenpresse\u201c und bezieht sich dabei auf ein Buch gleichen Titels von Ulrich Teusch, auf das er in dem Artikel auch noch n\u00e4her eingeht. [Karl]<\/p>\n<p>17. In einem <a href=\"http:\/\/uebermedien.de\/11899\/fake-news-und-der-blinde-fleck-der-medien\/\" target=\"_blank\">Artikel auf\u00a0<em>\u00dcber Medien<\/em><\/a> nimmt sich Stefan Niggemeier des Themas Fake News an, was ja zurzeit recht hei\u00df diskutiert wird. Treffend zeigt er auf, dass es im Grunde l\u00e4cherlich ist, sich \u00fcber die Beeinflussung der Bundestagswahl in diesem Jahr durch\u00a0Fake News zu sorgen, da die <em>BILD<\/em> schon seit vielen Jahren relativ unsanktioniert mit genau dieser Methode arbeitet, um Stimmung zu machen und Einfluss auszu\u00fcben. Hierf\u00fcr liefert Niggemeier einige treffende Beispiele und fragt zu Recht, wie ernst ein Kampf gegen Fake News sein kann, wenn es dabei nicht um die Inhalte geht, sondern vor allem um den Absender solcher Falschmeldungen: Die einen sollen zensiert werden, von den anderen (wenn sie denn zu den sogenannten Leitmedien geh\u00f6ren) wird sogar noch abgeschrieben, sodass sich deren Fake News noch weiter verbreiten. [Karl]<\/p>\n<p>18. Gewalt in Pflegeheimen ist ein Tabuthema, das aber wohl leider sehr weit verbreitet ist, wie aus einem <a href=\"http:\/\/www.sueddeutsche.de\/panorama\/umfrage-gewalt-in-der-pflege-ist-weit-verbreitet-1.3335156\" target=\"_blank\">Artikel in der\u00a0<em>S\u00fcddeutschen Zeitung<\/em><\/a> hervorgeht. Der Grund hierf\u00fcr liegt in den meisten F\u00e4llen wohl in der permanenten \u00dcberarbeitung der Pflegekr\u00e4fte, denn auch mit Altenpflege soll m\u00f6glichst viel Profit gemacht werden, sodass Personalkosten so klein es geht gehalten werden sollen. Eine besonders unappetitliche des Marktradikalismus, die viele von uns irgendwann zuk\u00fcnftig noch leidvoll zu sp\u00fcren bekommen werden &#8230; [Karl]<\/p>\n","protected":false},"excerpt":{"rendered":"<p>An dieser Stelle pr\u00e4sentieren wir regelm\u00e4\u00dfig Links, die wir unter der Woche entdeckt haben, zu denen wir selbst nicht mehr viel schreiben m\u00fcssen und die wir teilenswert finden. Viel Spa\u00df beim Lesen und Anschauen!<\/p>\n","protected":false},"author":5,"featured_media":0,"comment_status":"open","ping_status":"closed","sticky":false,"template":"","format":"standard","meta":{"footnotes":""},"categories":[193],"tags":[],"class_list":["post-6977","post","type-post","status-publish","format-standard","hentry","category-woechentliches"],"_links":{"self":[{"href":"https:\/\/www.unterstroemt.de\/index.php?rest_route=\/wp\/v2\/posts\/6977","targetHints":{"allow":["GET"]}}],"collection":[{"href":"https:\/\/www.unterstroemt.de\/index.php?rest_route=\/wp\/v2\/posts"}],"about":[{"href":"https:\/\/www.unterstroemt.de\/index.php?rest_route=\/wp\/v2\/types\/post"}],"author":[{"embeddable":true,"href":"https:\/\/www.unterstroemt.de\/index.php?rest_route=\/wp\/v2\/users\/5"}],"replies":[{"embeddable":true,"href":"https:\/\/www.unterstroemt.de\/index.php?rest_route=%2Fwp%2Fv2%2Fcomments&post=6977"}],"version-history":[{"count":23,"href":"https:\/\/www.unterstroemt.de\/index.php?rest_route=\/wp\/v2\/posts\/6977\/revisions"}],"predecessor-version":[{"id":7013,"href":"https:\/\/www.unterstroemt.de\/index.php?rest_route=\/wp\/v2\/posts\/6977\/revisions\/7013"}],"wp:attachment":[{"href":"https:\/\/www.unterstroemt.de\/index.php?rest_route=%2Fwp%2Fv2%2Fmedia&parent=6977"}],"wp:term":[{"taxonomy":"category","embeddable":true,"href":"https:\/\/www.unterstroemt.de\/index.php?rest_route=%2Fwp%2Fv2%2Fcategories&post=6977"},{"taxonomy":"post_tag","embeddable":true,"href":"https:\/\/www.unterstroemt.de\/index.php?rest_route=%2Fwp%2Fv2%2Ftags&post=6977"}],"curies":[{"name":"wp","href":"https:\/\/api.w.org\/{rel}","templated":true}]}}