{"id":7060,"date":"2017-02-05T12:49:49","date_gmt":"2017-02-05T11:49:49","guid":{"rendered":"https:\/\/www.unterstroemt.de\/?p=7060"},"modified":"2017-02-05T12:49:49","modified_gmt":"2017-02-05T11:49:49","slug":"interessantes-aus-kw-52017","status":"publish","type":"post","link":"https:\/\/www.unterstroemt.de\/?p=7060","title":{"rendered":"Interessantes aus KW 5\/2017"},"content":{"rendered":"<p>An dieser Stelle pr\u00e4sentieren wir regelm\u00e4\u00dfig Links, die wir unter der Woche entdeckt haben, zu denen wir selbst nicht mehr viel schreiben m\u00fcssen und die wir teilenswert finden. Viel Spa\u00df beim Lesen und Anschauen!<\/p>\n<p>1.\u00a0Ein interessanter <a href=\"http:\/\/www.nachdenkseiten.de\/?p=36799\" target=\"_blank\">Artikel findet sich auf den <em>NachDenkSeiten<\/em><\/a>: Der Soziologe Markus Kr\u00fcsemann beschreibt darin recht detailliert, wie sich die Einkommen in Deutschland in den letzten Jahrzehnten entwickelt haben, was daran problematisch ist und wieso die Aussage, dass es Deutschland angeblich so gut ginge, nicht haltbar ist, wenn man diese nicht gerade nur auf die reichsten zehn Prozent bezieht. [Karl]<\/p>\n<p>2. In einem <a href=\"http:\/\/www.annotazioni.de\/post\/1992\" target=\"_blank\">Artikel auf <em>annotazioni.de<\/em><\/a> besch\u00e4ftigt sich Patrick Schreiner mit einer Fernsehsendung auf dem Sender\u00a0<em>VOX<\/em>, in der es um Kindererziehung geht. Dabei merkt er an, dass man nicht nur die Frage stellen sollte, ob man kleine Kinder derart im Fernsehen vorf\u00fchren sollte, und\u00a0weist auch nach, wie sehr in den dort gezeigten Experimenten die neoliberale Ideologie des\u00a0\u201eJeder gegen jeden\u201c nicht nur bei den Kindern bef\u00f6rdert, sondern auch durch entsprechende Kommentare den Eltern eingeimpft wird: Gut ist, was der gesteigerten Wettbewerbsf\u00e4higkeit der Kinder dient. Reichlich eklig, wie ich finde. [Karl]<\/p>\n<p>3. Die Austerit\u00e4tspolitik, die Griechenland diktiert wurde, ist gescheitert. Soweit nichts Neues. Wie dramatisch dieses politische Versagen, das die sogenannte Troika unter starkem Einfluss vom deutschen Finanzminister Sch\u00e4uble (CDU) durchgesetzt hat, allerdings ist, geht nun aus einem\u00a0<a href=\"https:\/\/www.heise.de\/tp\/features\/Griechenland-Buerger-und-Staat-am-Ende-der-Sparmoeglichkeiten-3609875.html\" target=\"_blank\"><em>Telepolis<\/em>-Artikel von Wassilis Aswestopoulos<\/a> hervor: Sowohl die griechische Regierung als auch die Bev\u00f6lkerung sind schlichtweg nicht mehr in der Lage, weitere\u00a0Einsparungen umzusetzen. Zahlen, die die katastrophalen Auswirkungen politischen Irrsinns, die einige kluge \u00d6konomen genau so prognostiziert haben, nur zu deutlich sichtbar machen. [Karl]<\/p>\n<p>4. In einem <a href=\"https:\/\/www.jungewelt.de\/2017\/01-28\/134.php\" target=\"_blank\">Artikel in der\u00a0<em>jungen Welt<\/em><\/a> befasst sich Ulla Jelpke, innenpolitische Sprecherin der Fraktion Die Linke, mit der momentanen Sicherheitspolitik der Bundesregierung. Dabei weist sie etliche Fehler nach, sodass die innere Sicherheit, vor allem vor Terroranschl\u00e4gen, nicht erh\u00f6ht wird, daf\u00fcr aber zunehmend Grundrechte der Bev\u00f6lkerung eingeschr\u00e4nkt werden. Zudem zeigt sie auf, welche Ma\u00dfnahmen tats\u00e4chlich zu einer Reduzierung der Gefahr vor Terror f\u00fchren werden, wenn n\u00e4mlich junge M\u00e4nner sich gar nicht erst radikalisieren und extremistischen Gruppierungen anschlie\u00dfen w\u00fcrde. [Karl]<\/p>\n<p>5. Ein <a href=\"http:\/\/www.migazin.de\/2017\/02\/01\/herkunftsdeutsche-vergewaltigen-und-ermorden-migrantin-in-dessau\/\" target=\"_blank\">Artikel im\u00a0<em>Migazin<\/em><\/a> berichtet von einem Sexualmord, der in Dessau an einer chinesischen Studentin begangen wurde, und beklagt dabei zu Recht die unterschiedliche mediale Resonanz auf diesen Fall und den Sexualmord in Freiburg, der vor einigen Wochen das ganze Land in Aufruhr versetzt hat.\u00a0Ich wette mal, dass von diesem von zwei Herkunftsdeutschen begangenen gr\u00e4sslichen Verbrechen von Euch auch bisher keiner etwas mitbekommen hat, oder? [Karl]<\/p>\n<p>6. In Kanada gab es einen Terroranschlag in einer Moschee, bei dem sechs Menschen erschossen wurden. In einem <a href=\"http:\/\/www.sueddeutsche.de\/politik\/anschlag-in-quebec-wenn-mitgefuehl-nicht-fuer-alle-da-ist-1.3359586\" target=\"_blank\">Kommentar f\u00fcr die\u00a0<em>S\u00fcddeutsche Zeitung<\/em><\/a> fragt nun Ronen Steinke sehr zu Recht, was unsere Ma\u00dfst\u00e4be sind, wenn wir Terrortote betrauern und damit auch werten. Dass Tote im Nahen Osten, die es beinahe t\u00e4glich gibt, nicht so Erw\u00e4hnung finden wie Tote im westlichen Kulturkreis, ist noch ein St\u00fcck weit nachvollziehbar (wenngleich man es nicht guthei\u00dfen muss), aber Kanada ist ja nun durchaus auch ein westliches Land. Vermutlich liegt es daran, dass die Toten Muslime sind &#8211; und das sagt eine Menge aus \u00fcber unsere angeblich so weltoffene Gesellschaft. [Karl]<\/p>\n<p>7. Keine guten Nachrichten vermeldet ein <a href=\"http:\/\/www.umweltinstitut.org\/aktuelle-meldungen\/meldungen\/genmais-anbau-in-der-eu-bundesregierung-nimmt-zulassung-in-kauf.html\" target=\"_blank\">Artikel des\u00a0<em>Umweltinstituts M\u00fcnchen<\/em><\/a>: Die Abstimmung der EU-Mitgliedstaaten \u00fcber den Anbau von genmanipulierten Maissorten ergab keine qualifizierte Mehrheit f\u00fcr oder gegen deren Zulassung, sodass nun die generell sehr wirtschafts- und gentechnikfreundliche EU-Kommission dar\u00fcber zu entscheiden hat. Deutschland hat sich bei der Abstimmung enthalten, da die SPD zwar dagegen stimmen wollte, die CDU sich aber mal wieder weder um das, was die Mehrheit der Bev\u00f6lkerung m\u00f6chte, noch um die Festschreibung im Koalitionsvertrag, dass diese Ablehnung der meisten Deutschen in der Politik ber\u00fccksichtigt werden soll, geschert hat. [Karl]<\/p>\n<p>8. Immer wieder einmal Thema und aus meiner Sicht auch schwer zu umschiffen: das (bedingungslose) Grundeinkommen. Es gibt Bef\u00fcrworter und Gegner und den offenen Widerspruch, dass zwar 85 % meinen, sie w\u00fcrden weiter arbeiten gehen, aber ein fast so gro\u00dfer Teil meint, die anderen w\u00fcrden sich dann\u00a0\u201ein der sozialen H\u00e4ngematte ausruhen\u201c. In einem etwa <a href=\"http:\/\/www.daserste.de\/information\/wissen-kultur\/ttt\/sendung\/ttt-170129-gesellschaftsvertrag-100.html\" target=\"_blank\">sechsmin\u00fctigen Bericht auf <em>ttt<\/em><\/a> kommen verschiedene Akteure zu Wort, und die Frage ist einfach: Wo bleiben die Menschen, wenn Maschinen fast die ganze Arbeit machen (und das 1 % der Superreichen daf\u00fcr allein die Einnahmen einstreicht)? [Dirk]<\/p>\n<p>9. Ein umfassenden Essay \u00fcber die \u201epostkapitalistische Perspektiven\u201c liefert <em>Raul Zelik<\/em> in einem <a href=\"http:\/\/www.deutschlandfunk.de\/oekonomisches-weltsystem-postkapitalistische-perspektiven.1184.de.html?dram:article_id=377145\" target=\"_blank\">Artikel auf <em>Deutschlandfunk<\/em><\/a> (auch als 28-min\u00fctige H\u00f6rversion). Er beschreibt den Zusammenhang der nationalen und globalen Probleme durch den globalen Kapitalismus, zeigt die Parallelen in den Nationalstaaten und wie Menschen aus ihren bisherigen Lebenswelten herausbrechen und als Verlierer im globalen Kapitalismus dastehen (siehe auch Beitrag 8 zum Grundeinkommen). Wem geh\u00f6rt die Umwelt, die f\u00fcr die Gewinne einiger weniger zerst\u00f6rt und ausgebeutet wird? Ein sehr lesenswerter und ausgiebiger Artikel. [Dirk]<\/p>\n<p>10. Mit einem offenen Brief wendet sich Heiner Flassbeck an den (wahrscheinlichen)\u00a0n\u00e4chsten Bundespr\u00e4sidenten Frank-Walter Steinmeier und appelliert, das angestrebte Europa nicht weiter zu demontieren (z. B. indem sich Deutschland weigert, offen \u00fcber seine destruktive Exportpolitik zu sprechen). Auf den <a href=\"http:\/\/www.nachdenkseiten.de\/?p=36830\" target=\"_blank\"><em>NachDenkSeiten<\/em> hat Albrecht M\u00fcller diesen Brief ver\u00f6ffentlicht<\/a>, und es wird auch ein passender Podcast (ca. 13 Minuten) angeboten. Ich schlie\u00dfe mich Herren M\u00fcller an: Den Brief sollte man aufmerksam lesen! [Dirk]<\/p>\n<p>11. Martin Schulz ist der neue Kanzlerkandidat der SPD &#8211; und liefert seiner Partei gleich schon einen Bonus in den neusten Umfragen. Ob nun mit ihm tats\u00e4chlich eine Politikwende zu erwarten ist oder ob es sich eher um sch\u00f6ne Sonntagsreden handelt, die er von sich gibt, dass er\u00f6rtert Fabio De Masi (Die Linke) in einem <a href=\"https:\/\/www.youtube.com\/watch?v=6FxExuDidN4\" target=\"_blank\">viereinhalbmin\u00fctigen Video<\/a>. Dabei hebt er vor allem hervor, dass ja tats\u00e4chlich schon mit den Stimmen von SPD, Gr\u00fcnen und Linken neue Gesetze verabschiedet werden k\u00f6nnten im Bundestag, da diese drei Parteien dort eine Mehrheit haben. Und auch Rayk Anders besch\u00e4ftigt sich in der ihm eigenen Art und Weise in einem f\u00fcnfmin\u00fctigen\u00a0<a href=\"https:\/\/www.youtube.com\/watch?v=kdw5csSRfqQ\" target=\"_blank\">Headlinez<\/a><a href=\"https:\/\/www.youtube.com\/watch?v=kdw5csSRfqQ\" target=\"_blank\">-Video<\/a> mit Martin Schulz als\u00a0\u201eRetter der SPD\u201c. [Karl]<\/p>\n<p>12. Ein<a href=\"http:\/\/www.deutschlandfunk.de\/lobbyismus-bericht-von-transparency-international-eu.1818.de.html?dram%3Aarticle_id=377752\" target=\"_blank\"> Artikel vom\u00a0<em>Deutschlandfunk<\/em><\/a> berichtet von einer Studie von\u00a0<em>Transparency International<\/em>, in der sich die NGO mit den T\u00e4tigkeiten ehemaliger EU-Abgeordneter und EU-Kommissare besch\u00e4ftigt hat. Das Resultat ist leider nicht sehr \u00fcberraschend: Es gibt eine sehr gut geschmierte Dreht\u00fcr, die ehemalige Politiker oft in Lobbyisten-Jobs bringt, die durchaus im Interessenkonflikt zu ihrer vorherigen T\u00e4tigkeit stehen k\u00f6nnen. Schade nur, dass Christdemokraten, Sozialdemokraten und Liberale\u00a0blockieren, dass gegen diese offensichtliche Form der Korruption gesetzlich vorgegangen wird &#8211; warum wohl? [Karl]<\/p>\n<p>13. Die K\u00e4mpfe um die syrische Stadt Aleppo waren Anfang Dezember letzten Jahres eines der dominierenden medialen Themen. Mittlerweile h\u00f6rt und liest man kaum noch was dar\u00fcber. Umso interessanter ist ein <a href=\"https:\/\/www.heise.de\/tp\/features\/Was-Sie-ueber-Aleppo-hoeren-ist-bestenfalls-ein-kleiner-Teil-der-Wahrheit-3610881.html\" target=\"_blank\"><em>Telepolis<\/em>-Interview mit dem schwedischen Konfliktforscher Jan Oberg<\/a>, der tats\u00e4chlich vor Ort in Aleppo war uns ist (im Gegensatz zu vielen dar\u00fcber berichtenden Journalisten) und der zu berichten wei\u00df, dass das, was uns hier in den Medien pr\u00e4sentiert wurde, nur ein sehr kleiner Teil dessen ist, was tats\u00e4chlich dort geschehen ist. [Karl]<\/p>\n<p>14. In einem <a href=\"http:\/\/www.neulandrebellen.de\/2017\/01\/waehlt-endlich-links-ihr-nasen\/\" target=\"_blank\">Appell auf <em>neulandrebellen<\/em><\/a> fragt sich\u00a0Tom Wellbrock, warum die Deutschen seit Jahrzehnten immer wieder die gleichen Parteien w\u00e4hlen, obwohl sie ganz genau wissen, was diese f\u00fcr politischen Bockmist fabrizieren, den W\u00e4hler anl\u00fcgen und nicht im Interesse der meisten B\u00fcrger handeln. Sein Aufruf:\u00a0\u201eW\u00e4hlt endlich links, Ihr Nasen!\u201c [Karl]<\/p>\n<p>15. Unternehmensstiftungen stehen ja immer noch im Ruf, irgendwie wohlt\u00e4tig zu sein, obwohl es sich dabei oftmals um Steuersparmodelle von Konzernen handelt. Und je gr\u00f6\u00dfer diese Stiftungen sind, desto mehr kommen auch immer machtpolitische Aspekte hinzu, wie aus einem <a href=\"http:\/\/www.aerzteblatt.de\/treffer?mode=s&amp;wo=17&amp;typ=1&amp;nid=72809&amp;s=bill&amp;s=gates\" target=\"_blank\">Artikel des\u00a0<em>\u00c4rzteblatts<\/em><\/a> hervorgeht, in dem der Einfluss der Bill-und-Melinda-Gates-Stiftung auf die Weltgesundheitsorganisation (WHO) kritisch beschrieben wird. [Karl]<\/p>\n<p>16. Europas Schande &#8211; anders kann man nicht mehr bezeichnen, wie mir den Fl\u00fcchtlingen in der EU umgesprungen wird. In einem <a href=\"http:\/\/www.spiegel.de\/politik\/ausland\/fluechtlingselend-in-griechenland-war-da-was-kommentar-a-1132831.html\" target=\"_blank\">Kommentar auf\u00a0<em>Spiegel Online<\/em><\/a> geht Maximilian Popp dementsprechend hart mit der euop\u00e4ischen Fl\u00fcchtlingspolitik ins Gericht, die er als gescheitert bezeichnet angesichts der sich stetig verschlimmernden Situation in den Lagern auf den griechischen Inseln, wo in der letzten Woche f\u00fcnf Menschen gestorben sind. Doch wenigstens sind diese Menschen so sch\u00f6n weit weg von Deutschland, sodass man dieses Elend hier besser ausblenden kann. [Karl]<\/p>\n<p>17. In der\u00a0<em>Neuen Z\u00fcrcher Zeitung<\/em> findet sich ein interessanter <a href=\"https:\/\/www.nzz.ch\/feuilleton\/zukunft-nach-trump-mehr-selbstkritik-bitte-ld.143572\" target=\"_blank\">Artikel des Philosophen Slavoj Zizek<\/a>, der eine Analyse des Versagens des linksliberalen Mainstreams liefert, das letztlich zur Wahl von US-Pr\u00e4sident Donald Trump gef\u00fchrt hat. Dabei zeigt er auch auf, wie Trump und \u00e4hnlichen Rechtsauslegern mit Tendenzen zum Faschismus zu begegnen w\u00e4re, um zuk\u00fcnftig zu verhindern, dass diese weiter an Macht und Einfluss in der Politik gew\u00e4nnen. Sehr lesenswert und deutlich tiefer gehend als viele andere Analysen zu dem Thema. [Karl]<\/p>\n<p>18. Die Zeitschrift\u00a0<em>OXI<\/em> f\u00fchrte ein interessantes <a href=\"https:\/\/oxiblog.de\/wie-tief-ist-die-krise-des-kapitalismus-herr-bofinger\/\" target=\"_blank\">Interview mit Peter Bofinger<\/a>. Darin \u00e4u\u00dfert sich der \u00d6konomieprofessor und \u201eWirtschaftsweise\u201c \u00fcber die Ursachen der derzeitigen Krise des kapitalistischen Wirtschaftssystems, die besonders in Deutschland sehr ausgepr\u00e4gt sind. Bofinger erl\u00e4utert auf verst\u00e4ndliche Weise, warum Export\u00fcbersch\u00fcsse sch\u00e4dlich sind und was sich an der Wirtschaftspolitik \u00e4ndern m\u00fcsste, um die Krise in der Eurozone nicht weiter zu verschlimmern. Wenig \u00fcberraschend, w\u00e4re das eine Politik, die ziemlich genau das Gegenteil von dem darstellt, was derzeit von der Bundesregierung praktiziert wird. [Karl]<\/p>\n","protected":false},"excerpt":{"rendered":"<p>An dieser Stelle pr\u00e4sentieren wir regelm\u00e4\u00dfig Links, die wir unter der Woche entdeckt haben, zu denen wir selbst nicht mehr viel schreiben m\u00fcssen und die wir teilenswert finden. Viel Spa\u00df beim Lesen und Anschauen!<\/p>\n","protected":false},"author":5,"featured_media":0,"comment_status":"open","ping_status":"closed","sticky":false,"template":"","format":"standard","meta":{"footnotes":""},"categories":[193],"tags":[],"class_list":["post-7060","post","type-post","status-publish","format-standard","hentry","category-woechentliches"],"_links":{"self":[{"href":"https:\/\/www.unterstroemt.de\/index.php?rest_route=\/wp\/v2\/posts\/7060","targetHints":{"allow":["GET"]}}],"collection":[{"href":"https:\/\/www.unterstroemt.de\/index.php?rest_route=\/wp\/v2\/posts"}],"about":[{"href":"https:\/\/www.unterstroemt.de\/index.php?rest_route=\/wp\/v2\/types\/post"}],"author":[{"embeddable":true,"href":"https:\/\/www.unterstroemt.de\/index.php?rest_route=\/wp\/v2\/users\/5"}],"replies":[{"embeddable":true,"href":"https:\/\/www.unterstroemt.de\/index.php?rest_route=%2Fwp%2Fv2%2Fcomments&post=7060"}],"version-history":[{"count":28,"href":"https:\/\/www.unterstroemt.de\/index.php?rest_route=\/wp\/v2\/posts\/7060\/revisions"}],"predecessor-version":[{"id":7117,"href":"https:\/\/www.unterstroemt.de\/index.php?rest_route=\/wp\/v2\/posts\/7060\/revisions\/7117"}],"wp:attachment":[{"href":"https:\/\/www.unterstroemt.de\/index.php?rest_route=%2Fwp%2Fv2%2Fmedia&parent=7060"}],"wp:term":[{"taxonomy":"category","embeddable":true,"href":"https:\/\/www.unterstroemt.de\/index.php?rest_route=%2Fwp%2Fv2%2Fcategories&post=7060"},{"taxonomy":"post_tag","embeddable":true,"href":"https:\/\/www.unterstroemt.de\/index.php?rest_route=%2Fwp%2Fv2%2Ftags&post=7060"}],"curies":[{"name":"wp","href":"https:\/\/api.w.org\/{rel}","templated":true}]}}