{"id":7145,"date":"2017-12-08T22:42:52","date_gmt":"2017-12-08T21:42:52","guid":{"rendered":"https:\/\/www.unterstroemt.de\/?p=7145"},"modified":"2017-12-09T19:51:06","modified_gmt":"2017-12-09T18:51:06","slug":"aus-mensch-wird-masse","status":"publish","type":"post","link":"https:\/\/www.unterstroemt.de\/?p=7145","title":{"rendered":"Aus Mensch wird Masse"},"content":{"rendered":"<p>Die Welt ist einfacher in ihrer Handhabung, wenn man die Dinge schnell und unkompliziert einordnen kann: Das schafft Struktur, Sicherheit und verbraucht weniger Energie zum Denken. Alles Dinge, die dem Menschen scheinbar entgegenkommen, aber leider nicht gerade einem reflektierten und sozialen Miteinander zutr\u00e4glich sind.<\/p>\n<p>So diente das sogenannten <a href=\"https:\/\/www.unterstroemt.de\/?p=6683\" target=\"_blank\" rel=\"noopener\">Othering<\/a> bereits im Dezember 2016 hier f\u00fcr einen Beitrag, der einen Gro\u00dfteil dieses Beitrags vorweg erkl\u00e4rt hat: Gleichmachung und Entmenschlichung. Gerade in diesen Zeiten der Populisten und der Unterbringung von Fl\u00fcchtlingen pr\u00e4gt dieses Verhalten unsere Medien. Fl\u00fcchtlingshelfer werden attackiert, weil sie anderen Menschen helfen (die jedoch nur als entmenschlichte \u201eFl\u00fcchtlingswelle\u201c wahrgenommen werden). Alle AfD-W\u00e4hler werden als Nazis diffamiert, weil man sich so nicht inhaltlich damit auseinandersetzen muss, dass etablierten Parteien nicht mehr als eine \u201epolitische Mitte\u201c zu bieten haben (wobei es ihnen eben nur um das Interesse des Kapitals geht, das kein links oder rechts kennen darf, sondern nur das unpolitische \u201emehr!\u201c).<\/p>\n<p>Ich m\u00f6chte jedoch noch weiter herunterbrechen und den Finger an die eigene Nase legen! Bei mir sind es sogenannte Spitzenpolitiker &#8230; eigentlich so ziemlich alle Gruppen, die politisch oder wirtschaftlich \u201eganz oben mitspielen\u201c. Das resultiert nicht aus dem Neid gegen\u00fcber \u201edenen da oben\u201c (denn es betrifft nicht ber\u00fchmte Spitzensportler, Schauspieler, Musiker oder K\u00fcnstler), sondern aus der Tatsache, dass diese Leute es nur an diese \u201eSpitzen\u201c schaffen, indem Sie aus meiner Sicht r\u00fccksichtslos und egoman handeln. Es geht um Macht und rein eigenn\u00fctzige Motive, und die eigentliche Funktion, Solidarit\u00e4t mit den W\u00e4hlern, ist zur Nichtigkeit verkommen, gar zum l\u00e4stigen \u00c4rgernis. Oder wie ist es anders zu erkl\u00e4ren, dass ein <a href=\"http:\/\/www.daserste.de\/information\/reportage-dokumentation\/dokus\/videos\/bimbes-die-schwarzen-kassen-des-helmut-kohl-video-102.html\" target=\"_blank\" rel=\"noopener\">jahrelang l\u00fcgender Helmut Kohl<\/a> hier als Ehrenb\u00fcrger unter die Erde geht? Oder ein\u00a0\u201e<a href=\"https:\/\/www.br.de\/mediathek\/video\/landwirtschaftsminister-christian-schmidt-der-glyphosadist-av:5a207194b50bd10018e65340?t=4s\" target=\"_blank\" rel=\"noopener\">so ist er eben, der Schmidt<\/a>\u201c nicht geteert und gefedert aus der Regierung fliegt? Wie kann ein politischer Komplett-Tiefflieger wie Alexander Dobrindt eine L\u00fcge nach der anderen raushauen (z. B. dass der Kohleausstieg nicht machbar sein) und <a href=\"https:\/\/www.berliner-zeitung.de\/politik\/meinung\/kommentar-zu-dobrindts-autobahn-desaster--ein-blender-auf-der-ueberholspur-28232066\" target=\"_blank\" rel=\"noopener\">ein Projekt nach dem anderen nicht nur gegen die Wand<\/a>, nein, in den Abgrund fahren und weiter politischer Akteur in diesem Land bleiben? Zumal seine <a href=\"http:\/\/www.ardmediathek.de\/tv\/Morgenmagazin\/Sondierung-Dobrindt-CSU-Positionen-sin\/Das-Erste\/Video?bcastId=435054&amp;documentId=47544704\" target=\"_blank\" rel=\"noopener\">Gespr\u00e4chsbereitschaft gegen null tendiert<\/a>, aber GENAU DAS sollte sein Job sein.<\/p>\n<p>Ich bin also zu einem guten St\u00fcck politikverdrossen, und das m\u00fcssen so ziemlich alle Spitzenpolitiker ausbaden. Immer wenn wir es uns einfach machen wollen und aus Personen eine Gruppe zusammenschustern, dann greift dieser Vereinfachungsreflex und gaukelt uns Gruppen vor, wo es tats\u00e4chlich um individuelle Personen geht. Die Sprache hilft jedem von uns, diese Mechanismen auch bei uns selbst zu enttarnen:\u00a0\u201eDer Russe\u201c,\u00a0\u201eder AfD-W\u00e4hler\u201c oder\u00a0\u201edie Ausl\u00e4nder\u201c sind typische Beispiele. In meinem sozialen Umfeld auch gern \u201edie Zombies\u201c f\u00fcr Leute, die permanent auf das Smartphone glotzen (was jeder mal tut, denn jeder schaut mal nach einer SMS oder einem verpassten Anruf und geh\u00f6rt so schnell ebenfalls zu den \u201eZombies\u201c).<\/p>\n<p>Vielleicht ist es ja doch gut, dass Smartphones immer mehr das Denken und Entscheiden f\u00fcr die offenkundig verbl\u00f6dete und \u00fcberforderte Gesellschaft \u00fcbernehmen? Vielleicht. Vielleicht sind wir aber auch haltlos von einer Realit\u00e4t \u00fcberfordert, die uns dank der Digitalisierung, Globalisierung und Medialisierung durchweg mit Dingen berieselt oder befeuert, die nichts mit unserem direkten sozialen Umfeld zu tun haben? Vielleicht. Ich f\u00fcr meinen Teil kann bei mir erkennen, dass ich dieser Flut an Einfl\u00fcssen und Informationen nicht mehr die Aufmerksamkeit angedeihen lassen kann, die alles verdient h\u00e4tte (um Dinge eindeutig einordnen zu k\u00f6nnen und nicht mit einer Verallgemeinerung abzutun).<\/p>\n<p>Je eingehender ich mich mit einer Person besch\u00e4ftige (sei es der obdachlose Bettler, dem ich t\u00e4glich bei mir vor der T\u00fcr begegne, oder auch der egomane Politiker), desto eher verstehe ich die Beweggr\u00fcnde und sehe, dass da in der Entwicklung oder Erziehung etwas grundlegend schiefgelaufen ist. Am Ende steht da ein Mensch, der selbstredend f\u00fcr seine Taten zur Rechenschaft gezogen werden sollte (schon um selbst zu verstehen, dass das eigene Handeln nicht solidarisch war), aber seine Verfehlungen liegen anderswo, als bei mir selbst die Verfehlungen liegen.<\/p>\n<p>Einmal mehr m\u00f6chte ich also &#8211; im eigensten Interesse, die Welt nicht in ein\u00a0\u201edie anderen\u201c und\u00a0\u201eich\u201c einzuteilen -, dass die Achtsamkeit und der Fokus bei der eigenen Sprache verweilen (und daraus resultierend beim eigenen Handeln). Ich habe derzeit \u00fcber sieben Milliarden Menschen, die ich kritisieren und verurteilen kann, aber nur einen, auf dessen Handeln ich direkten Einfluss nehmen kann: mich selbst. Und so wird aus der Masse wieder der Mensch, der so sein kann, wie ich ihn haben m\u00f6chte: Selbsterkenntnis anstatt Selbstdarstellung, verstehen anstatt verurteilen, reflektiert anstatt reflexartig. Oder nach Christian Morgenstern:\u00a0\u201eEs gibt in Wahrheit kein letztes Verst\u00e4ndnis ohne Liebe.\u201c<\/p>\n","protected":false},"excerpt":{"rendered":"<p>Die Welt ist einfacher in ihrer Handhabung, wenn man die Dinge schnell und unkompliziert einordnen kann: Das schafft Struktur, Sicherheit und verbraucht weniger Energie zum Denken. Alles Dinge, die dem Menschen scheinbar entgegenkommen, aber leider nicht gerade einem reflektierten und sozialen Miteinander zutr\u00e4glich sind.<\/p>\n","protected":false},"author":1,"featured_media":0,"comment_status":"open","ping_status":"closed","sticky":false,"template":"","format":"standard","meta":{"footnotes":""},"categories":[52],"tags":[444,445,446],"class_list":["post-7145","post","type-post","status-publish","format-standard","hentry","category-soziales","tag-othering","tag-typisierung","tag-verallgemeinerung"],"_links":{"self":[{"href":"https:\/\/www.unterstroemt.de\/index.php?rest_route=\/wp\/v2\/posts\/7145","targetHints":{"allow":["GET"]}}],"collection":[{"href":"https:\/\/www.unterstroemt.de\/index.php?rest_route=\/wp\/v2\/posts"}],"about":[{"href":"https:\/\/www.unterstroemt.de\/index.php?rest_route=\/wp\/v2\/types\/post"}],"author":[{"embeddable":true,"href":"https:\/\/www.unterstroemt.de\/index.php?rest_route=\/wp\/v2\/users\/1"}],"replies":[{"embeddable":true,"href":"https:\/\/www.unterstroemt.de\/index.php?rest_route=%2Fwp%2Fv2%2Fcomments&post=7145"}],"version-history":[{"count":17,"href":"https:\/\/www.unterstroemt.de\/index.php?rest_route=\/wp\/v2\/posts\/7145\/revisions"}],"predecessor-version":[{"id":9398,"href":"https:\/\/www.unterstroemt.de\/index.php?rest_route=\/wp\/v2\/posts\/7145\/revisions\/9398"}],"wp:attachment":[{"href":"https:\/\/www.unterstroemt.de\/index.php?rest_route=%2Fwp%2Fv2%2Fmedia&parent=7145"}],"wp:term":[{"taxonomy":"category","embeddable":true,"href":"https:\/\/www.unterstroemt.de\/index.php?rest_route=%2Fwp%2Fv2%2Fcategories&post=7145"},{"taxonomy":"post_tag","embeddable":true,"href":"https:\/\/www.unterstroemt.de\/index.php?rest_route=%2Fwp%2Fv2%2Ftags&post=7145"}],"curies":[{"name":"wp","href":"https:\/\/api.w.org\/{rel}","templated":true}]}}