{"id":7540,"date":"2017-04-09T15:27:06","date_gmt":"2017-04-09T13:27:06","guid":{"rendered":"https:\/\/www.unterstroemt.de\/?p=7540"},"modified":"2017-04-09T15:27:06","modified_gmt":"2017-04-09T13:27:06","slug":"interessantes-aus-kw-142017","status":"publish","type":"post","link":"https:\/\/www.unterstroemt.de\/?p=7540","title":{"rendered":"Interessantes aus KW 14\/2017"},"content":{"rendered":"<p>An dieser Stelle pr\u00e4sentieren wir regelm\u00e4\u00dfig Links, die wir unter der Woche entdeckt haben, zu denen wir selbst nicht mehr viel schreiben m\u00fcssen und die wir teilenswert finden. Viel Spa\u00df beim Lesen und Anschauen!<\/p>\n<p>1. Vor einem Jahr sorgten die sogenannten Panama Papers f\u00fcr viel Aufsehen. Doch wie damals schon zu vermuten war, w\u00fcrde sich an der Praxis der gro\u00df angelegten Steuervermeidung nicht viel \u00e4ndern. Sven Giegold, EU-abgeordneter der Gr\u00fcnen, beschreibt nun in einem <a href=\"http:\/\/www.sven-giegold.de\/2017\/1-jahr-panama-papiere-regierungen-muessen-ihre-lektion-lernen\/\">Artikel auf seiner Webseite<\/a>, was das EU-Parlament alles in die Wege leiten wollte &#8211; und wie es dabei von den nationalstaatlichen Regierungen blockiert wird. [Karl]<\/p>\n<p>2. Da hat <em>Rayk Anders<\/em> in <a href=\"https:\/\/www.youtube.com\/watch?v=0LwoGlKZhmE\" target=\"_blank\">seinem Videoblog<\/a> mal wieder einen sch\u00f6nen vom Stapel gelassen:\u00a0\u201eWas kann man schon von Leuten erwarten, die sich sogar von Schokoriegel-Werbung f\u00fcr Kinder bedroht f\u00fchlen?\u201c Wirklich erstaunlich, aus was man sich noch eine Best\u00e4tigung f\u00fcr das schr\u00e4ge Weltbild lutschen kann, wenn man nur gen\u00fcgend \u00c4ngste hat. Die tun mir wirklich leid &#8230; im Ernst &#8230; [Dirk]<\/p>\n<p>3. Und damit sich auch wieder die Gutmenschen und gr\u00fcn-links versiffte Medienfritzen ein paar \u00c4ngste g\u00f6nnen k\u00f6nnen: Die <em>3sat<\/em>-Sendung <em>nano<\/em> bringt einen <a href=\"http:\/\/www.3sat.de\/page\/?source=\/nano\/gesellschaft\/191652\/index.html\" target=\"_blank\">l\u00e4ngeren Bericht<\/a> (praktisch die ganze Sendung) zum Thema \u201eSind wir noch zu retten?\u201c und stellt genau diese Frage in Bezug auf die Menschheit und ihren ausgiebigen Hang zur Selbstzerst\u00f6rung. Dabei kommen verschiedene Aktivisten, Autoren und Wissenschaftler zu Wort, und es gibt auch eine breite Palette an Fakten (damit auch die Zweifler etwas zum Diskreditieren und Umdeuten haben). [Dirk]<\/p>\n<p>4. Die <a href=\"https:\/\/www.zdf.de\/comedy\/die-anstalt\" target=\"_blank\">aktuelle Folge<\/a> der <em>ZDF<\/em>-Satiresendung <em>Die Anstalt<\/em> widmet sich der \u201egelebten Demokratie\u201c. Mit starker Unterst\u00fctzung von Hazel Brugger, Thomas Maurer und Abdelkarim wird der politische \u201eWillen des Volkes\u201c erkl\u00e4rt: von der Maut bis zur Rente. Und am Ende gibt es noch einen Tipp, wie man seine gesetzliche Rente selbst, und das auf ganz legalem Wege, erh\u00f6hen kann. [Dirk]<\/p>\n<p>5. Tom Wellbrock besch\u00e4ftigt sich in einem <a href=\"http:\/\/www.neulandrebellen.de\/2017\/04\/depressionen-das-gefaehrliche-uns-geht-es-gut-paradoxon\/\" target=\"_blank\">Artikel auf\u00a0<em>neulandrebellen<\/em><\/a> mit dem Thema Depression. Diese Erkrankung wird immer h\u00e4ufiger diagnostiziert in Deutschland, die Behandlung und Akzeptanz sind jedoch oft ausgesprochen suboptimal. Zudem wird selten bedacht, wie \u00e4u\u00dfere Umst\u00e4nde, die politisch beeinflusst werden k\u00f6nnten, so wie beispielsweise stetig zunehmender Druck am Arbeitsplatz, Depressionen ausl\u00f6sen und verst\u00e4rken k\u00f6nnen. Es scheint sich hierbei tats\u00e4chlich um eine spezifische Volkskrankheit des Neoliberalismus zu handeln. [Karl]<\/p>\n<p>6. In K\u00fcrze finden\u00a0in Frankreich\u00a0die Pr\u00e4sidentschaftswahlen statt, und vor allem konzentriert sich das mediale Interesse auf Marine Le Pen vom rechtsextremen Front National und den parteilosen Emmanuel Macron. Nun stellt ein <a href=\"https:\/\/www.heise.de\/tp\/features\/Melenchon-Ein-Linker-den-die-Sozialdemokraten-fuerchten-3673561.html\" target=\"_blank\">Artikel auf\u00a0<em>Telepolis<\/em><\/a> den Kandidaten Jean-Luc M\u00e9lenchon vor, der dem linken Lager zugeordnet werden kann. Und das, was er so an Vorstellungen \u00e4u\u00dfert, was er denn so als Pr\u00e4sident w\u00fcrde umsetzen wollen, liest sich reichlich vern\u00fcnftig. Also, ich wei\u00df jetzt, welchem der Kandidaten ich die Daumen dr\u00fccken werde &#8230; [Karl]<\/p>\n<p>7. Ein <a href=\"http:\/\/www.spiegel.de\/gesundheit\/diagnose\/hart-aber-fair-ueber-krankenhauskeime-wenig-hoffnung-fuer-patienten-a-1141655.html\" target=\"_blank\">Artikel auf\u00a0<em>Spiegel Online<\/em><\/a> befasst sich mit der <em>ARD<\/em>-Sendung\u00a0<em>Hart aber fair<\/em>, in der es um multiresistente Keime in deutschen Krankenh\u00e4usern ging.\u00a0Die OP-Krankenschwester Jana Langer, der ehemalige Chefarzt Ulrich Hildebrandt und der Journalist Reinhold Beckmann (dessen Bruder an so einem Keim starb) \u00e4u\u00dferten sich sehr kritisch zur derzeitigen Situation in deutschen Krankenh\u00e4usern, allerdings wurde der Gehalt der Sendung durch Bundesgesundheitsminister Herrmann Gr\u00f6he und den Pr\u00e4sidenten der Deutschen Krankenhausgesellschaft Thomas Reumann arg reduziert, da diese beiden sich in Beschwichtigungen und Lobpreisungen des deutschen Gesundheitssystems ergingen. Bezeichnend f\u00fcr Politiker und Verbandsvertreter &#8230; [Karl]<\/p>\n<p>8. Innerhalb der NATO gibt es das 2%-Ziel. Dies bedeutet, dass jedes NATO-Land 2 % seines BIP (Bruttoinlandsprodukt) f\u00fcr die R\u00fcstungsindustrie hinbl\u00e4ttern soll. Da liegt Deutschland weit drunter (was ich nun eher begr\u00fc\u00dfe). In der Sendung <em>Monitor<\/em> findet sich ein <a href=\"http:\/\/www.ardmediathek.de\/tv\/Monitor\/Externe-Berater-des-Verteidigungsministe\/Das-Erste\/Video?bcastId=438224&amp;documentId=41901086\" target=\"_blank\">siebenmin\u00fctiger Bericht<\/a>, wie die Lobbyarbeit auf dem Gebiet derzeit l\u00e4uft und was f\u00fcr Forderungen vom neuen US-Pr\u00e4sidenten in Richtung Deutschland nun umgesetzt werden k\u00f6nnten. [Dirk]<\/p>\n<p>9. Wie politisch darf ein Journalist sein? Mit dieser Frage besch\u00e4ftigt sich ein <a href=\"https:\/\/www.ndr.de\/fernsehen\/sendungen\/zapp\/Wirbel-um-Hayalis-Junge-Freiheit-Interview,diskussion208.html\" target=\"_blank\">kurzes Interview<\/a>\u00a0(acht Minuten) in der Sendung <em>ZAPP<\/em>. Dort sitzen die beiden Journalisten\u00a0Heribert Prantl (<em>S\u00fcddeutsche Zeitung<\/em>) und Jan Fleischhauer (<em>Spielgel<\/em>) und \u00e4u\u00dfern sich sehr unterschiedlich \u00fcber das Interview von <em>ZDF<\/em>-Moderatorin\u00a0Dunja Hayali, dass sie der rechten <em>Jungen Freiheit<\/em>\u00a0gegeben hat. Ein Thema, was sich aus meiner Sicht wieder zum Diskutieren eignet, denn schwarz-wei\u00df (in Zeiten des spaltenden Populismus) greift hier zu kurz. [Dirk]<\/p>\n<p>10. In einem <a href=\"http:\/\/www.sueddeutsche.de\/wirtschaft\/medikamentenkauf-schafft-die-zuzahlungen-ab-1.3448390\" target=\"_blank\">Kommentar in der\u00a0<em>S\u00fcddeutschen Zeitung<\/em><\/a> apelliert Kim Bj\u00f6rn Becker f\u00fcr ein Gesundheitssystem ohne Zuzahlungen f\u00fcr Medikamente. Daf\u00fcr f\u00fchrt er einiges an Zahlen an, die zeigen, dass die Zuzahlungen, die Patienten in den letzten Jahren leisten mussten, in den letzten Jahren kontinuierlich angestiegen sind. Gerade \u00e4rmere Menschen stehen so oft vor der Entscheidung, ob sie sich ein notwendiges Medikament \u00fcberhaupt leisten k\u00f6nnen &#8211; ein unw\u00fcrdiger Zustand f\u00fcr ein so reiches Land wie Deutschland. [Karl]<\/p>\n<p>11. Wohnungslosigkeit nimmt immer weiter zu in Deutschland. Einen Einblick in das Leben von Obdachlosen und Informationen dazu, warum Menschen auf der Stra\u00dfe leben, bietet ein etwa 18-min\u00fctiger <a href=\"http:\/\/www.deutschlandfunk.de\/auf-platte-warum-immer-mehr-menschen-wohnungslos-sind.724.de.html?dram%3Aarticle_id=382888\" target=\"_blank\">Bericht im\u00a0<em>Deutschlandfunk<\/em><\/a> (auch in transkribierter Form dort vorhanden). Neben oftmals psychischen Gr\u00fcnden f\u00fcr das\u00a0\u201eAbrutschen\u201c in die Obdachlosigkeit sind es dann vor allem die schlechten Bedingungen auf dem Wohnungs- und Arbeitsmarkt, die dazu f\u00fchren, dass Menschen nicht mehr aus ihrer Wohnungslosigkeit herauskommen. [Karl]<\/p>\n<p>12. Dass viele Politiker sich \u00fcber Nebenjobs korrumpieren lassen, ist ja nichts Neues, dass dies bei hohen Richtern auch der Fall ist, war zumindest bisher nicht so bewusst, bevor ich einen <a href=\"http:\/\/www.tagesspiegel.de\/themen\/agenda\/nebenjobs-und-top-jobs-wenn-sich-richter-gut-verkaufen\/19576532.html\" target=\"_blank\">Artikel im\u00a0<em>Tagesspiegel<\/em><\/a> gelesen habe. Darin geht es um Neben- und Anschlusst\u00e4tigkeiten von Richtern, die zwar in der Regel rechtlich einwandfrei sind (und gegen die im Falle von beispielsweise fachlichen Publikationen oder Lehrt\u00e4tigkeiten ja auch wenig spricht), aber nicht selten dann doch\u00a0an der Integrit\u00e4t der Richter zweifeln lassen &#8211; und gerade das ist doch etwas, was man mit diesem Amt verbinden sollte, oder? [Karl]<\/p>\n<p>13. Gute Nachrichten vom EU-Parlament: Wie aus einem <a href=\"https:\/\/www.lobbycontrol.de\/2017\/04\/vw-skandal-eu-parlament-zieht-begruessenswerte-konsequenzen\/\" target=\"_blank\">Artikel von\u00a0<em>LobbyControl<\/em><\/a> hervorgeht,\u00a0werden nun gegen\u00fcber der EU-Kommission Konsequenzen aus dem Abgasskandal eingefordert: mehr Transparenz bei der Entstehung von Emissionsregeln, bessere Umsetzung der bestehenden Abgasregeln und Kritik am gro\u00dfen Einfluss des Autolobby. Nat\u00fcrlich haben die konservativen Abgeordneten als Dienstleister der Industrie mal wieder gegen das Interesse der Allgemeinheit agiert, aber dennoch zeigt dies auf: Es ist beileibe nicht alles schlecht, was im EU-Paralment beschlossen wird. [Karl]<\/p>\n<p>14. Irgendwie hat man das ja schon immer gewusst, nun wurde es auch wissenschaftlich belegt, wie ein <a href=\"https:\/\/utopia.de\/studie-kinder-dreck-allergie-48002\/\" target=\"_blank\">Artikel auf\u00a0<em>Utopia<\/em><\/a> beschreibt: Eine Untersuchung der Universit\u00e4tsspit\u00e4ler Genf best\u00e4tigte, dass \u00fcberm\u00e4\u00dfige Hygienema\u00dfnahmen bei Kindern zu einem verst\u00e4rkten Auftreten von Allergien und Autoimmunerkrankungen f\u00fchren, wohingegen eine Umgebung wie ein Bauernhof ein gest\u00e4rktes Immunsystem hervorbringt. Also am besten die lieben Kleinen \u00f6fter man von den Displays weg hinaus in die Natur zum Spielen schicken. [Karl]<\/p>\n<p>15. Roberto J. De Lapuente setzt sich in einem <a href=\"http:\/\/www.neulandrebellen.de\/2017\/04\/populismus-na-logo\/\" target=\"_blank\">Artikel f\u00fcr\u00a0<em>neulandrebellen<\/em><\/a>\u00a0mit dem zurzeit ja reichlich verwendeten Begriff des Populismus auseinander und zeigt dabei auf, dass dieser doch reichlich unscharf als zumeist ideologischer Vorwurf gebraucht wird. Also quasi populistisch &#8230; Aber Populismus ist ja nur etwas, was sich gegen den Neoliberalismus wendet, und da wird dann alles undifferenziert in einen Topf geschmissen. Dass gerade diejenigen, die heute als linke Populisten bezeichnet wurden, in der Vergangenheit gegen den Populismus der Mitte mit Logik zu argumentieren versuchten, ist dabei eine besondere Ironie. [Karl]<\/p>\n<p>16. Wolfgang J. Koschnick beschreibt in einem ausf\u00fchrlichen <a href=\"https:\/\/www.heise.de\/tp\/features\/Von-der-wundersamen-Verwandlung-von-Autobahnen-in-Finanzprodukte-3674871.html\" target=\"_blank\">Artikel auf <em>Telepolis<\/em><\/a>, was es genau mit der Autobahnprivatisierung auf sich hat, die ja laut Bundesregierung angeblich vom Tisch sein soll &#8211; aber genau dies dann doch nicht ist. Es ist erschreckend, wie der Autor darlegt, auf welche Weise mit Winkelz\u00fcgen und mafi\u00f6sen Strukturen gearbeitet wird, und das mit nur einem Ziel: privaten Konzernen gute Renditem\u00f6glichkeiten auf Kosten der Allgemeinheit zu verschaffen. Dabei werden dann ganz nebenbei auch demokratische Grundstrukturen au\u00dfer Kraft gesetzt. Ausgesprochen lesenswert! [Karl]<\/p>\n<p>17. Deutsche Waffen, deutsches Geld morden mit in aller Welt &#8211; welche G\u00fcltigkeit dieser alte Spruch nach wie vor hat, wird an einem <a href=\"http:\/\/www.fr.de\/wirtschaft\/waffenexporte-wie-deutsche-firmen-am-krieg-verdienen-a-1255089\" target=\"_blank\">Artikel von Markus Bickel<\/a> in der\u00a0<em>Frankfurter Rundschau<\/em> deutlich. Die deutsche R\u00fcstungsindustrie verdient n\u00e4mlich zurzeit pr\u00e4chtig, und das auch mit Exporten in die Golfstaaten, die gerade den Jeman in Grund und Boden bomben. Aber die Verbindungen zwischen der R\u00fcstungslobby und der Politik sind wohl leider zu eng, als dass sich daran demn\u00e4chst mal etwas \u00e4ndern d\u00fcrfte &#8230; [Karl]<\/p>\n<p>18. In seiner <a href=\"http:\/\/www.spiegel.de\/wirtschaft\/soziales\/loehne-sollten-steigen-auch-aus-wirtschaftlichen-gruenden-kolumne-a-1142225.html\" target=\"_blank\">Kolumne auf\u00a0<em>Spiegel Online<\/em><\/a> pl\u00e4diert Thomas Fricke f\u00fcr h\u00f6here L\u00f6hne in Deutschland. Und die kann er nat\u00fcrlich auch begr\u00fcnden, und zwar mit gut verst\u00e4ndlich dargestellten gesamtwirtschaftlichen Zusammenh\u00e4ngen, aus denen hervorgeht, dass nicht nur diejenigen am unteren Ende der Einkommensverteilung davon profitieren w\u00fcrden, sondern eben alle. Aber solche vern\u00fcnftigen Gedanken werden sich gegen die kurzfristige Gier einiger weniger wohl leider nicht durchsetzen. [Karl]<\/p>\n","protected":false},"excerpt":{"rendered":"<p>An dieser Stelle pr\u00e4sentieren wir regelm\u00e4\u00dfig Links, die wir unter der Woche entdeckt haben, zu denen wir selbst nicht mehr viel schreiben m\u00fcssen und die wir teilenswert finden. Viel Spa\u00df beim Lesen und Anschauen!<\/p>\n","protected":false},"author":5,"featured_media":0,"comment_status":"open","ping_status":"closed","sticky":false,"template":"","format":"standard","meta":{"footnotes":""},"categories":[193],"tags":[],"class_list":["post-7540","post","type-post","status-publish","format-standard","hentry","category-woechentliches"],"_links":{"self":[{"href":"https:\/\/www.unterstroemt.de\/index.php?rest_route=\/wp\/v2\/posts\/7540","targetHints":{"allow":["GET"]}}],"collection":[{"href":"https:\/\/www.unterstroemt.de\/index.php?rest_route=\/wp\/v2\/posts"}],"about":[{"href":"https:\/\/www.unterstroemt.de\/index.php?rest_route=\/wp\/v2\/types\/post"}],"author":[{"embeddable":true,"href":"https:\/\/www.unterstroemt.de\/index.php?rest_route=\/wp\/v2\/users\/5"}],"replies":[{"embeddable":true,"href":"https:\/\/www.unterstroemt.de\/index.php?rest_route=%2Fwp%2Fv2%2Fcomments&post=7540"}],"version-history":[{"count":22,"href":"https:\/\/www.unterstroemt.de\/index.php?rest_route=\/wp\/v2\/posts\/7540\/revisions"}],"predecessor-version":[{"id":7589,"href":"https:\/\/www.unterstroemt.de\/index.php?rest_route=\/wp\/v2\/posts\/7540\/revisions\/7589"}],"wp:attachment":[{"href":"https:\/\/www.unterstroemt.de\/index.php?rest_route=%2Fwp%2Fv2%2Fmedia&parent=7540"}],"wp:term":[{"taxonomy":"category","embeddable":true,"href":"https:\/\/www.unterstroemt.de\/index.php?rest_route=%2Fwp%2Fv2%2Fcategories&post=7540"},{"taxonomy":"post_tag","embeddable":true,"href":"https:\/\/www.unterstroemt.de\/index.php?rest_route=%2Fwp%2Fv2%2Ftags&post=7540"}],"curies":[{"name":"wp","href":"https:\/\/api.w.org\/{rel}","templated":true}]}}