{"id":7642,"date":"2017-04-23T17:47:09","date_gmt":"2017-04-23T15:47:09","guid":{"rendered":"https:\/\/www.unterstroemt.de\/?p=7642"},"modified":"2017-04-24T10:45:23","modified_gmt":"2017-04-24T08:45:23","slug":"interessantes-aus-kw-162017","status":"publish","type":"post","link":"https:\/\/www.unterstroemt.de\/?p=7642","title":{"rendered":"Interessantes aus KW 16\/2017"},"content":{"rendered":"<p>An dieser Stelle pr\u00e4sentieren wir regelm\u00e4\u00dfig Links, die wir unter der Woche entdeckt haben, zu denen wir selbst nicht mehr viel schreiben m\u00fcssen und die wir teilenswert finden. Viel Spa\u00df beim Lesen und Anschauen!<\/p>\n<p>1. <a href=\"http:\/\/www.nachdenkseiten.de\/?p=37868\" target=\"_blank\" rel=\"noopener noreferrer\">Jens Berger kommentiert auf den <em>NachDenkSeiten <\/em><\/a>das Ergebnis der Abstimmung in der T\u00fcrkei \u00fcber das neue Pr\u00e4sidialsystem absolut treffend, indem er unsere bigotte Haltung dabei offenlegt: Es geht nicht um Sorge um die Demokratie, sondern schlichtweg darum, dass die meisten hier in Deutschland Erdogan eben (aus durchaus nachvollziehbaren Gr\u00fcnden) nicht m\u00f6gen. Dabei werden dann allerdings die Sachverhalte und Ursachen des ganzen Vorgangs leider ziemlich ausgeblendet. Um einige m\u00f6glicherweise missverst\u00e4ndliche Formulierungen in dem Artikel zu kl\u00e4ren, hat Berger zudem noch eine <a href=\"http:\/\/www.nachdenkseiten.de\/?p=37895\" target=\"_blank\" rel=\"noopener noreferrer\">Erg\u00e4nzung<\/a> nachgereicht, in der er auf Resonanz von Lesern eingeht und die zus\u00e4tzlich zum Artikel gelesen werden sollte. [Karl]<\/p>\n<p>2. Das <em>Umweltinstitut M\u00fcnchen e. V.<\/em> setzt sich mit einer Kampagne gegen die Wiederzulassung des Wirkstoffs\u00a0\u201eGlyphosat\u201c ein. Ein <a href=\"https:\/\/www.umweltinstitut.org\/mitmach-aktionen\/europaeische-buergerinitiative-stop-glyphosat.html?activeTab=3\" target=\"_blank\" rel=\"noopener noreferrer\">dreimin\u00fctiges Video<\/a>\u00a0zeigt die Vorgehensweise\u00a0von Monsanto (weltweit gr\u00f6\u00dfter Hersteller von Pestiziden mit Glyphosat) und ruft zum gemeinsamen Widerstand auf. Anschauen, informieren und <a href=\"https:\/\/www.umweltinstitut.org\/mitmach-aktionen\/europaeische-buergerinitiative-stop-glyphosat.html\" target=\"_blank\" rel=\"noopener noreferrer\">mitmachen<\/a> &#8230; [Dirk]<\/p>\n<p>3. Die AfD besticht mal wieder mit Inkompetenz. So berichtet ein <a href=\"http:\/\/www.dnn.de\/Mitteldeutschland\/News\/Saechsischer-AfD-Politiker-Huetter-blamiert-sich-mit-Satire-Bild\" target=\"_blank\" rel=\"noopener noreferrer\">Artikel der\u00a0<em>Dresdner Neuste Nachrichten<\/em><\/a>, dass der s\u00e4chsische Landtagsabgeordnete der Rechtspartei Carsten H\u00fctter auf seinem\u00a0<em>Facebook<\/em>-Profil eine offensichtlich satirische Grafik zur Verbindung der Bundesregierung zu einer angeblichen Antifa-GmbH tats\u00e4chlich f\u00fcr bare M\u00fcnze genommen hat und sich \u00fcber eine derartige Struktur echauffiert. Eigentlich zum Lachen, wenn man mal au\u00dfen vor l\u00e4sst, dass dieser Mensch f\u00fcr sein Parlamentarierdasein mit \u00f6ffentlichen Geldern alimentiert wird. [Karl]<\/p>\n<p>4. <a href=\"http:\/\/blog.gwup.net\/2017\/04\/15\/kopp-online-geht-offline\/?utm_content=buffer3c24a&amp;utm_medium=social&amp;utm_source=facebook.com&amp;utm_campaign=buffer\" target=\"_blank\" rel=\"noopener noreferrer\">Der Blog\u00a0<em>gwup | die skeptiker<\/em> hat Gutes zu berichten<\/a>: Der rechte\u00a0<em>Kopp-Verlag<\/em> stellt sein Nachrichtenportal ein. Die Begr\u00fcndung ist finanzieller Natur. Da sind also weder die rechten Schwurbelk\u00f6pfe bereit, etwas f\u00fcr ihre\u00a0\u201eNachrichtenquelle\u201c zu bezahlen, noch wollen die Betreiber dort nur aus Idealismus Arbeit investieren. Bezeichnend f\u00fcr den Verein, finde ich &#8211; aber gut, dass eine Hetzseite weniger im Netz ist. [Karl]<\/p>\n<p>5. Sport ist eine gute Sache, denn in einem gesunden K\u00f6rper ruht ein gesunder Geist. Wenn jemand allerdings aus\u00a0\u201eInteresse an mechanischen Dingen\u201c der Meinung ist, dass M\u00e4nner so viele Schusswaffen haben sollte, wie Frauen Schuhe haben d\u00fcrfen, dann wird es unterirdisch. In einem <a href=\"http:\/\/www.br.de\/mediathek\/video\/sendungen\/quer\/170420-quer-schuetzen-100.html\" target=\"_blank\" rel=\"noopener noreferrer\">f\u00fcnfmin\u00fctigen Bericht<\/a> auf <em>quer<\/em> (br) geht es um Sportschie\u00dfen, das sogenannte \u201edynamisches Parcours-Schie\u00dfen\u201c, welches mich spontan auch eher an Krieg und Egoshooter\u00a0erinnert als an Sport. Was meinst Du dazu? [Dirk]<\/p>\n<p>6. Die\u00a0<em>ARD<\/em>-Sendung\u00a0<em>Panorama<\/em>\u00a0ging in einem viermin\u00fctigen Beitrag der Frage nach:\u00a0<a href=\"http:\/\/www.ardmediathek.de\/tv\/Panorama\/Soziale-Gerechtigkeit-Was-hei\u00dft-das\/Das-Erste\/Video?bcastId=310918&amp;documentId=42240544\" target=\"_blank\" rel=\"noopener noreferrer\">soziale Gerechtigkeit: Was hei\u00dft das?<\/a>\u00a0Dazu wurden verschiedene Milieus aufgesucht, vom Kleingartenverein \u00fcber die Hochhaussiedlung und das Szeneviertel bis hin zur Oper. Die Antworten sind von der Anzahl her zwar nicht repr\u00e4sentativ, zeigen aber dennoch gut auf, was in Deutschland zurzeit vor allem richtig schiefl\u00e4uft. [Karl]<\/p>\n<p>7.\u00a0<em>CORRECT!V\u00a0<\/em>hat ein\u00a0\u201eSchwarzbuch AfD\u201c ver\u00f6ffentlicht und pr\u00e4sentiert dies in einer <a href=\"https:\/\/correctiv.org\/recherchen\/neue-rechte\/artikel\/2017\/04\/10\/schwarzbuch-afd-einleitung-wir-finden-es-reicht\/\" target=\"_blank\" rel=\"noopener noreferrer\">Buchvorstellung<\/a>. Darin geht es vor allem darum, die Strategie der AfD offenzulegen, dass es der Partei nicht um Inhalte geht, sondern vor allem um PR-tr\u00e4chtige Provokation. Dies f\u00fchrte dann auch laut den Autoren zu dem stetigen Rechtsruck in der AfD &#8211; wobei ich die Partei von Anfang an ja als Melange aus Rechtsextremismus und Marktradikalismus sah, die sich nur nicht so offen rechtslastig gezeigt hat. Scheint aber dennoch ein sehr interessantes Buch zu sein. [Karl]<\/p>\n<p>8. Tom Wellbrock schildert auf kurzweilige Art in einem <a href=\"http:\/\/www.neulandrebellen.de\/2017\/04\/warum-ein-skype-interview-mit-der-fdp-an-der-verdammten-technik-scheiterte-eine-wahre-merkwuerdige-geschichte\/\" target=\"_blank\" rel=\"noopener noreferrer\">Artikel auf\u00a0<em>neulandrebellen<\/em><\/a>, woran eine geplante Skype-Diskussion, die er mit einem Vertreter der Linken und der FDP zum Thema Wirtschaftspolitik f\u00fchren wollte, letztlich scheiterte: an mangelhafter digitaler Kompetenz vonseiten des FDPlers. Schon absurd, wenn man bedenkt, dass sich die FDP selbst ja gern als moderne Digitalisierungspartei darstellt. O. k., eine geh\u00f6rige Portion Unzuverl\u00e4ssigkeit war auch noch f\u00fcr diese Posse verantwortlich. FDP halt &#8211; inkompetent in allen Bereichen, solange ihnen niemand Geld daf\u00fcr zusteckt. [Karl]<\/p>\n<p>9. Sklaverei in Textilfabriken &#8211; das ist etwas, von dem die meisten zwar schon etwas geh\u00f6rt haben, dass aber in weit entfernten L\u00e4ndern Ostasiens stattfindet. Allerdings gibt es Derartiges auch mitten in der EU, und zwar in Italien. In\u00a0mafiadominierten Kleinst\u00e4dten finden Menschenh\u00e4ndler ideale Verh\u00e4ltnisse, um so auf Kosten von zumeist aus Bangladesh\u00a0\u201eimportierten\u201c Sklaven viel Geld einzuheimsen. In einem <a href=\"https:\/\/taz.de\/Ausbeutung-in-der-Textilindustrie\/!5393622\/\" target=\"_blank\" rel=\"noopener noreferrer\">Artikel in der\u00a0<em>taz<\/em><\/a> geht es um einen jungen N\u00e4her, der sich erfolgreich gegen seine Ausbeutung wehren konnte. Bleibt zu hoffen, dass solche Beispiele Schule machen &#8211; und es zeigt, wie sehr Kriminalit\u00e4t und Kapitalismus Hand in Hand gehen k\u00f6nnen. [Karl]<\/p>\n<p>10. Die Bundesregierung hat in dem von ihr selbst in Auftrag gegebenen Armutsbericht zensiert, um so unliebsame Passagen daraus zu entfernen. Dabei ging es vor allem um den Umstand, dass\u00a0Themen eine deutlich h\u00f6here politische Umsetzungswahrscheinlichkeit haben, wenn sie die Interessen von Besserverdienenden widerspiegeln, wobei das, was \u00e4rmere Menschen als wichtig erachten, eher unter den Tisch f\u00e4llt. Diese gestrichenen Passagen werden nun von den Autoren der Studie in einem <a href=\"http:\/\/www.zeit.de\/2017\/17\/armutsbericht-deutschland-einkommen-politik-wahlen\" target=\"_blank\" rel=\"noopener noreferrer\">Artikel der\u00a0<em>Zeit<\/em><\/a> noch einmal vorgestellt und erl\u00e4utert &#8211; hochbrisant und ein Armutszeugnis f\u00fcr den Zustand unserer Demokratie. [Karl]<\/p>\n<p>11. Chile wurde unter dem Diktator Augusto Pinochet zu einem neoliberalen Experimentierfeld, worunter das Land heute noch leidet. Ein Beispiel f\u00fcr die Destruktivit\u00e4t des Marktradikalismus liefert Frederico F\u00fcllgraf in einem <a href=\"http:\/\/www.nachdenkseiten.de\/?p=37922\" target=\"_blank\" rel=\"noopener noreferrer\">Artikel auf den\u00a0<em>NachDenkSeiten<\/em><\/a>, in dem er das Dilemma des chilenischen auf privaten Fonds basierenden Rentensystems beschreibt. Das Resultat: Milliardengewinne f\u00fcr einige wenige und winzige Renten am Rande des Existenzminimums f\u00fcr viele. Davon sollte man hier auch lernen, wenn uns mal wieder die angeblichen Segnungen der privaten Finanzm\u00e4rkte gegen\u00fcber staatlicher Daseinsvorsorge angepriesen werden. [Karl]<\/p>\n<p>12. Das Magazin\u00a0<em>Compact<\/em> organisiert ein Treffen, zu dem auch AfDler eingeladen werden &#8211; dabei kann dann ja nur etwas Unappetitliches herauskommen. So auch\u00a0bei einer derartigen Veranstaltung, \u00fcber die ein <a href=\"https:\/\/www.vorwaerts.de\/artikel\/afd-politiker-jens-maier-breivik-handelte-verzweiflung\" target=\"_blank\" rel=\"noopener noreferrer\">Artikel des\u00a0SPD-Magazins\u00a0<\/a><a href=\"https:\/\/www.vorwaerts.de\/artikel\/afd-politiker-jens-maier-breivik-handelte-verzweiflung\" target=\"_blank\" rel=\"noopener noreferrer\"><em>vorw\u00e4rts<\/em><\/a> berichtet. Jens Maier, f\u00fcr die AfD in Sachsen auf Listenplatz zwei zur Bundestagswahl, \u00e4u\u00dferte dort Verst\u00e4ndnis f\u00fcr den rechtsextremen Massenm\u00f6rder Breivik, der nur\u00a0\u201eaus Verzweiflung\u201c gehandelt h\u00e4tte. Meier ist \u00fcbrigens auch Richter am Landgericht in Dresden &#8211; noch Fragen? [Karl]<\/p>\n<p>13, Volkswirt Niko Paech kritisiert den Wachstumszwang unserer Wirtschaft und lebt auch entsprechend so, dass er recht wenig konsumiert. In einem <a href=\"http:\/\/www.stern.de\/wirtschaft\/news\/niko-paech-im-interview--ueber-konsumaeffchen-und-vegane-vielflieger-7412006.html?utm_campaign=artikel-header&amp;utm_medium=share&amp;utm_source=facebook\" target=\"_blank\" rel=\"noopener noreferrer\">Interview im\u00a0<em>Stern<\/em><\/a> erntet er daf\u00fcr von der Interviewerin Nikola Sellmair \u00fcberwiegend Unverst\u00e4ndnis, da diese Konsumverzicht gleichsetzt mit Spa\u00dfbremserei. Interessant sind die Aussagen von Paech allemal, und sie weisen m. E. auch in die richtige Richtung,\u00a0allerdings w\u00e4re das Ganze vermutlich noch gehaltvoller gewesen, wenn er nicht eine Redakteurin\u00a0vorgesetzt bekommen h\u00e4tte zum Gespr\u00e4ch, die anscheinend zu den von ihm angesprochenen\u00a0\u201eKonsum\u00e4ffchen\u201c abgerichtet worden w\u00e4re als Kind. [Karl]<\/p>\n<p>14. Der Ruf des Journalismus wurde in den letzten Jahren reichlich ramponiert, und das teilweise auch zu Recht. Allerdings ist es wenig hilfreich, sich nun in eine totale Verweigerungshaltung, die sich in Schlagw\u00f6rtern wie\u00a0\u201eL\u00fcgenpresse\u201c manifestiert, zu begeben, denn professioneller Journalismus ist zum einen nicht homogen, zum anderen leistet er nach wie vor viel Gutes. Deshalb hat Roberto J. De Lapuente ein <a href=\"http:\/\/www.neulandrebellen.de\/2017\/04\/journalismus-ein-dilemma\/\" target=\"_blank\" rel=\"noopener noreferrer\">Pl\u00e4doyer\u00a0auf\u00a0<em>neulandrebellen<\/em><\/a> ver\u00f6ffentlicht, dass sich dieses Dilemmas des heutigen Journalismus annimmt und trotz aller Kritikw\u00fcrdigkeit eine Lanze daf\u00fcr bricht. [Karl]<\/p>\n<p>15. In einem etwa dreieinhalbmin\u00fctigen <a href=\"http:\/\/www.deutschlandradiokultur.de\/netzwerkdurchsetzungsgesetz-warum-man-gegen-hass-im-netz.1005.de.html?dram%3Aarticle_id=384158\" target=\"_blank\" rel=\"noopener noreferrer\">Beitrag auf\u00a0<em>Deutschlandradio Kultur<\/em><\/a> (auch in transkribierter Form dort vorliegend) zeigt der Kulturwissenschaftler Michael Seemann auf, warum das sogenannte Netzwerkdurchsetzungsgesetz, mit dem Hatespeech und Fake News unterbunden werden sollen, daf\u00fcr vollkommen untauglich ist. Es stellt n\u00e4mlich auf Dinge ab, die keine Straftatbest\u00e4nde sind, zudem wird auf\u00a0<em>Facebook<\/em> beispielsweise l\u00e4ngst willk\u00fcrlich zensiert. Es w\u00e4re also sch\u00f6n, wenn die Politik hier keinen blinden Aktionismus betreiben, sondern vielleicht einmal problemorientierte L\u00f6sungen erarbeiten w\u00fcrde. [Karl]<\/p>\n<p>16. Kaum \u00f6ffentliche Aufmerksamkeit gibt es f\u00fcr das Vorgehen der polnischen PiS-Regierung, die Gewaltenteilung im Land quasi abzuschaffen, das in einem\u00a0<a href=\"https:\/\/www.heise.de\/tp\/features\/Polen-Saeuberungen-in-den-Gerichtsstuben-3689775.html\" target=\"_blank\" rel=\"noopener noreferrer\"><em>Telepolis<\/em><\/a><a href=\"https:\/\/www.heise.de\/tp\/features\/Polen-Saeuberungen-in-den-Gerichtsstuben-3689775.html\" target=\"_blank\" rel=\"noopener noreferrer\">-Artikel<\/a> geschildert wird. Durch verschiedene dort beschriebene Ma\u00dfnahmen wird Justizminister Ziobro sozusagen zum h\u00f6chsten Richter &#8211; als Generalstaatsanwalt fungiert er praktisch schon. Eine regierungsunabh\u00e4ngige oder gar -kritische Justiz wird so im Grunde unm\u00f6glich, Richter, die der amtierenden Rechtspartei nicht passen, k\u00f6nnen einfach so entlassen werden, und Richtergremien werden nicht mehr unabh\u00e4ngig besetzt. Nicht nur in Erdogans T\u00fcrkei werden Demokratie und Rechtsstaat massiv geschliffen, sondern auch in unserem EU-Nachbarland. [Karl]<\/p>\n<p>17. Ein <a href=\"http:\/\/www.klimaretter.info\/mobilitaet\/hintergrund\/21070-schwarzbuch-entwirrt-autolobby-geflecht\" target=\"_blank\" rel=\"noopener noreferrer\">Artikel auf\u00a0<em>Klimaretter.info<\/em><\/a> berichtet vom\u00a0\u201eSchwarzbuch Autolobby\u201c, das\u00a0<em>Greenpeace<\/em> gerade ver\u00f6ffentlich hat und in dem die engen und vielschichtigen Verbindungen von der Autolobby in h\u00f6chste deutsche Politikerkreise aufgezeigt werden. Allein schon die in dem Artikel genannten Beispiele machen deutlich, warum die Automobilbranche tun und lassen kann, was sie m\u00f6chte &#8211; f\u00fcr kurzfristigen Profit und gegen Allgemeinheit und Umwelt, aber auch gegen ihre eigenen langfristigen wirtschaftlichen Interessen. [Karl]<\/p>\n<p>18. Auf\u00a0<em>\u00dcber Medien<\/em> findet sich <a href=\"http:\/\/uebermedien.de\/14739\/ist-michael-lueders-als-fake-news-verbreiter-ueberfuehrt\/\" target=\"_blank\" rel=\"noopener noreferrer\">ein interessanter Beitrag<\/a> zu den Aussagen von Michael L\u00fcders zu m\u00f6glichen Lieferungen von Giftgas der T\u00fcrkei an Syrien. Derzeit haben sich einige Medien auf L\u00fcders eingeschossen, da dieser beim Fakten-Check\u00a0\u201edurchgefallen\u201c sei. Hier wurde nun mal mit dem beteiligten Can D\u00fcndar (ehemaliger Chefredakteur der <em>Cumhuriyet<\/em>) gesprochen, und damit sind die Fakten-Checks z. B. der <em>Frankfurter Allgemeinen Sonntagszeitung<\/em> und der <em>BILD*<\/em>\u00a0mindestens genauso unsauber wie L\u00fcders \u00c4u\u00dferung. Manchmal bei\u00dfen die Hunde den Ersten (der checkt und meldet) &#8230; [Dirk]<\/p>\n<p>* Dass das Hetzblatt, das in einer Ausgabe gern mehr gezielte L\u00fcgen verbreitet als\u00a0die <em>titanic<\/em> in einem ganzen Jahr (siehe z. B. <em>BILDblog<\/em>), \u00fcberhaupt irgendwem \u201eFake News\u201c vorwirft &#8230; l\u00e4cherlich!<\/p>\n","protected":false},"excerpt":{"rendered":"<p>An dieser Stelle pr\u00e4sentieren wir regelm\u00e4\u00dfig Links, die wir unter der Woche entdeckt haben, zu denen wir selbst nicht mehr viel schreiben m\u00fcssen und die wir teilenswert finden. Viel Spa\u00df beim Lesen und Anschauen!<\/p>\n","protected":false},"author":5,"featured_media":0,"comment_status":"open","ping_status":"closed","sticky":false,"template":"","format":"standard","meta":{"footnotes":""},"categories":[193],"tags":[],"class_list":["post-7642","post","type-post","status-publish","format-standard","hentry","category-woechentliches"],"_links":{"self":[{"href":"https:\/\/www.unterstroemt.de\/index.php?rest_route=\/wp\/v2\/posts\/7642","targetHints":{"allow":["GET"]}}],"collection":[{"href":"https:\/\/www.unterstroemt.de\/index.php?rest_route=\/wp\/v2\/posts"}],"about":[{"href":"https:\/\/www.unterstroemt.de\/index.php?rest_route=\/wp\/v2\/types\/post"}],"author":[{"embeddable":true,"href":"https:\/\/www.unterstroemt.de\/index.php?rest_route=\/wp\/v2\/users\/5"}],"replies":[{"embeddable":true,"href":"https:\/\/www.unterstroemt.de\/index.php?rest_route=%2Fwp%2Fv2%2Fcomments&post=7642"}],"version-history":[{"count":32,"href":"https:\/\/www.unterstroemt.de\/index.php?rest_route=\/wp\/v2\/posts\/7642\/revisions"}],"predecessor-version":[{"id":7705,"href":"https:\/\/www.unterstroemt.de\/index.php?rest_route=\/wp\/v2\/posts\/7642\/revisions\/7705"}],"wp:attachment":[{"href":"https:\/\/www.unterstroemt.de\/index.php?rest_route=%2Fwp%2Fv2%2Fmedia&parent=7642"}],"wp:term":[{"taxonomy":"category","embeddable":true,"href":"https:\/\/www.unterstroemt.de\/index.php?rest_route=%2Fwp%2Fv2%2Fcategories&post=7642"},{"taxonomy":"post_tag","embeddable":true,"href":"https:\/\/www.unterstroemt.de\/index.php?rest_route=%2Fwp%2Fv2%2Ftags&post=7642"}],"curies":[{"name":"wp","href":"https:\/\/api.w.org\/{rel}","templated":true}]}}