{"id":7741,"date":"2017-04-29T14:11:21","date_gmt":"2017-04-29T12:11:21","guid":{"rendered":"https:\/\/www.unterstroemt.de\/?p=7741"},"modified":"2017-04-29T23:13:47","modified_gmt":"2017-04-29T21:13:47","slug":"monitor-vom-27-04-2017","status":"publish","type":"post","link":"https:\/\/www.unterstroemt.de\/?p=7741","title":{"rendered":"Monitor vom 27. 4. 2017"},"content":{"rendered":"<p>Eigentlich un\u00fcblich, hier regelm\u00e4\u00dfig laufende Sendungen als eigenen Beitrag zu ver\u00f6ffentlichen, aber dieses Mal konnte ich mich nicht entscheiden, welchen Beitrag ich gern in den Wochenhinweisen unterbringen m\u00f6chte. Die vier Hauptthemen\u00a0der Sendung waren:<\/p>\n<ul>\n<li><a href=\"http:\/\/www1.wdr.de\/daserste\/monitor\/sendungen\/afd-192.html\" target=\"_blank\" rel=\"noopener noreferrer\">Die AfD: Schutzschild der extremen Rechten?<\/a> (ca. 9 min)<\/li>\n<li><a href=\"http:\/\/www1.wdr.de\/daserste\/monitor\/sendungen\/mittelmeer-102.html\" target=\"_blank\" rel=\"noopener noreferrer\">Todeszone Mittelmeer: Sind die Retter schuld?<\/a> (ca. 3 min)<\/li>\n<li><a href=\"http:\/\/www1.wdr.de\/daserste\/monitor\/sendungen\/bka-106.html\" target=\"_blank\" rel=\"noopener noreferrer\">BKA-Gesetz &amp; Co.: Unschuldige im Visier?<\/a> (ca. 8 min)<\/li>\n<li><a href=\"http:\/\/www1.wdr.de\/daserste\/monitor\/sendungen\/spd-130.html\" target=\"_blank\" rel=\"noopener noreferrer\">Autobahnprivatisierung: Der Schlingerkurs der SPD<\/a> (ca. 8 min)<\/li>\n<\/ul>\n<p>Sowohl die versch\u00e4rften Gesetzte zum Umgang mit unseren Daten durch die BKA-Gesetze als auch die Privatisierung der Autobahnen betreffen letzten Endes jeden B\u00fcrger unmittelbar. Die immer eindeutigere Ausrichtung der AfD zum unverbl\u00fcmten Rechtsextremismus\u00a0muss und sollte hier Thema sein &#8211; und passend dazu noch der Beitrag zum Massengrab Mittelmeer: Sind mehr Menschen \u00fcbers Mittelmeer\u00a0gekommen, weil sie auf Rettung durch Helfer auf See gehofft haben?<\/p>\n<p>Die komplette Sendung ist auch in der Mediathek zu sehen (ca. 29 min):<br \/>\n<a href=\"http:\/\/www.ardmediathek.de\/tv\/Monitor\/Monitor-vom-27-04-2017\/Das-Erste\/Video?bcastId=438224&amp;documentId=42455998\" target=\"_blank\" rel=\"noopener noreferrer\">http:\/\/www.ardmediathek.de\/tv\/Monitor\/Monitor-vom-27-04-2017\/Das-Erste\/Video?bcastId=438224&amp;documentId=42455998<\/a><\/p>\n","protected":false},"excerpt":{"rendered":"<p>Sowohl die versch\u00e4rften Gesetzte zum Umgang mit unseren Daten durch die BKA-Gesetze als auch die Privatisierung der Autobahnen betreffen letzten Endes jeden B\u00fcrger unmittelbar. Die immer eindeutigere Ausrichtung der AfD zum unverbl\u00fcmten Rechtsextremismus muss und sollte hier Thema sein &#8211; und passend dazu noch der Beitrag zum Massengrab Mittelmeer: Sind mehr Menschen \u00fcbers Mittelmeer gekommen, weil sie auf Rettung durch Helfer auf See gehofft haben?<\/p>\n","protected":false},"author":1,"featured_media":0,"comment_status":"open","ping_status":"closed","sticky":false,"template":"","format":"standard","meta":{"footnotes":""},"categories":[115],"tags":[],"class_list":["post-7741","post","type-post","status-publish","format-standard","hentry","category-sehenswertes"],"_links":{"self":[{"href":"https:\/\/www.unterstroemt.de\/index.php?rest_route=\/wp\/v2\/posts\/7741","targetHints":{"allow":["GET"]}}],"collection":[{"href":"https:\/\/www.unterstroemt.de\/index.php?rest_route=\/wp\/v2\/posts"}],"about":[{"href":"https:\/\/www.unterstroemt.de\/index.php?rest_route=\/wp\/v2\/types\/post"}],"author":[{"embeddable":true,"href":"https:\/\/www.unterstroemt.de\/index.php?rest_route=\/wp\/v2\/users\/1"}],"replies":[{"embeddable":true,"href":"https:\/\/www.unterstroemt.de\/index.php?rest_route=%2Fwp%2Fv2%2Fcomments&post=7741"}],"version-history":[{"count":3,"href":"https:\/\/www.unterstroemt.de\/index.php?rest_route=\/wp\/v2\/posts\/7741\/revisions"}],"predecessor-version":[{"id":7744,"href":"https:\/\/www.unterstroemt.de\/index.php?rest_route=\/wp\/v2\/posts\/7741\/revisions\/7744"}],"wp:attachment":[{"href":"https:\/\/www.unterstroemt.de\/index.php?rest_route=%2Fwp%2Fv2%2Fmedia&parent=7741"}],"wp:term":[{"taxonomy":"category","embeddable":true,"href":"https:\/\/www.unterstroemt.de\/index.php?rest_route=%2Fwp%2Fv2%2Fcategories&post=7741"},{"taxonomy":"post_tag","embeddable":true,"href":"https:\/\/www.unterstroemt.de\/index.php?rest_route=%2Fwp%2Fv2%2Ftags&post=7741"}],"curies":[{"name":"wp","href":"https:\/\/api.w.org\/{rel}","templated":true}]}}