{"id":7753,"date":"2017-05-07T16:46:08","date_gmt":"2017-05-07T14:46:08","guid":{"rendered":"https:\/\/www.unterstroemt.de\/?p=7753"},"modified":"2017-05-09T19:07:43","modified_gmt":"2017-05-09T17:07:43","slug":"interessantes-aus-kw-182017","status":"publish","type":"post","link":"https:\/\/www.unterstroemt.de\/?p=7753","title":{"rendered":"Interessantes aus KW 18\/2017"},"content":{"rendered":"<p>An dieser Stelle pr\u00e4sentieren wir regelm\u00e4\u00dfig Links, die wir unter der Woche entdeckt haben, zu denen wir selbst nicht mehr viel schreiben m\u00fcssen und die wir teilenswert finden. Viel Spa\u00df beim Lesen und Anschauen!<\/p>\n<p>1. Von Bundesinnenminister Thomas de Maizi\u00e8re ja schon einige Schoten gewohnt. Seine letzte, n\u00e4mlich der Versuch, \u00fcber zehn Thesen eine deutsche Leitkultur zu definieren, wird nun von Heinrich Schmitz in einer <a href=\"http:\/\/www.tagesspiegel.de\/politik\/zu-de-maizieres-thesen-eine-deutsche-leitkultur-darf-es-nicht-geben\/19738780.html\" target=\"_blank\" rel=\"noopener noreferrer\">Kolumne\u00a0f\u00fcr\u00a0<em>Tagesspiegel Causa<\/em><\/a> trefflich zerpfl\u00fcckt. Schmitz zeigt n\u00e4mlich auf, dass Deutschland sich gerade durch seine historisch bedingte kulturelle Vielfalt auszeichnet, sodass de Maizi\u00e8res Thesen nichts anderes sind als der plumpe Versuch, ein wenig auf Stimmenfang bei den AfD-J\u00fcngern zu gehen &#8211; Populismus pur, sozusagen. Zum gleichen Thema findet sich ein bissiger <a href=\"http:\/\/www.neulandrebellen.de\/2017\/05\/steckt-die-leitkultur-doch-in-die-burka\/\" target=\"_blank\" rel=\"noopener noreferrer\">Kommentar von Roberto J. De Lapuente<\/a> auf <em>neulandrebellen<\/em>, in dem nachgesp\u00fcrt wird, was denn vor allem die deutsche Leitkultur ausmachen w\u00fcrde. Resultat: Besserwisserei und der Hang, andere anzuleiten. Kann man in der Tat t\u00e4glich im In- und Ausland beobachten.\u00a0[Karl]<\/p>\n<p>2. Welch absurden Ausma\u00dfe unser Ausnutzen von L\u00e4ndern des globalen S\u00fcdens mittlerweile annimmt, geht aus einem <a href=\"http:\/\/www.sueddeutsche.de\/stil\/schoen-doof-von-echtem-schrott-und-korn-1.3480968\" target=\"_blank\" rel=\"noopener noreferrer\">Artikel in der\u00a0<em>S\u00fcddeutschen Zeitung<\/em><\/a> hervor. Darin geht es um die Pflanze Quinoa, die derzeit wohl der letzte Schrei f\u00fcr Ern\u00e4hrungs-Hipster in unseren Breitengraden ist. Dabei\u00a0w\u00fcrde die Pflanze einen weitaus gr\u00f6\u00dferen Ern\u00e4hrungsnutzen f\u00fcr die Bauern in den Anden haben, die sie nun auf Gewinngr\u00fcnden verkaufen und stattdessen Kartoffeln frittieren &#8230; [Karl]<\/p>\n<p>3. Mit ihrem Faktenfinder geriert sich die\u00a0<em>tagesschau<\/em> zurzeit als Streiter gegen die sogenannten Fake-News. Bl\u00f6d nur, wenn man dabei dann selbst mit Unterstellungen, Auslassungen, Verdrehungen und falsch assoziierten Zusammenh\u00e4ngen agiert, wie Jens Berger in einem <a href=\"http:\/\/www.nachdenkseiten.de\/?p=38121\" target=\"_blank\" rel=\"noopener noreferrer\">Artikel auf den\u00a0<em>NachDenkSeiten<\/em><\/a> aufzeigt. Diese werden n\u00e4mlich vom Nachrichtenflaggschiff der\u00a0<em>ARD<\/em> als Beispiel f\u00fcr rechte Stimmungsmache benannt &#8211; dabei hat der Artikel, auf den sich bezogen wird, gar nichts mit dem Thema zu tun, dass die selbst ernannten Faktenchecker bearbeiten. Traurig, wenn sogenannter Qualit\u00e4tsjournalismus es n\u00f6tig hat, so zu agieren. [Karl]<\/p>\n<p>4. Auf Ulrike Gu\u00e9rots kluge Aussagen haben wir ja schon \u00f6fter hingewiesen. Dennoch lohnt sich auch ein aktuelles <a href=\"http:\/\/derstandard.at\/2000056814520\/Politologin-Guerot-Wir-brauchen-die-Nation-nicht-mehr\" target=\"_blank\" rel=\"noopener noreferrer\">Interview im \u00f6sterreichischen\u00a0<em>Standard<\/em><\/a> mit ihr, in dem es um ihr derzeitiges\u00a0\u201eLieblingsthema\u201c geht, n\u00e4mlich die Gr\u00fcndung einer europ\u00e4ischen Republik ohne Nationalstaaten. Ihre Analyse der momentanen Probleme der EU ist dabei scharfsinnig und zutreffend,\u00a0sodass der von ihr aufgezeigte neue Weg f\u00fcr die EU als vielversprechender Ansatz erscheint. Ausgesprochen lesenswert! [Karl]<\/p>\n<p>5. Auf <a href=\"http:\/\/www.deutschlandfunk.de\/die-zukunft-der-arbeit-wir-dekorieren-auf-der-titanic-die.911.de.html?dram:article_id=385022\" target=\"_blank\" rel=\"noopener noreferrer\"><em>Deutschlandfunk<\/em> lief am 1. Mai ein Interview<\/a> von <em>Karin Fischer<\/em> im Gespr\u00e4ch mit <em>Richard David Precht<\/em> zum Thema Digitalisierung der Arbeitswelt. Das Interview kann auf der Seite gelesen werden, oder man h\u00f6rt sich das Audiofile von knapp 25 Minuten an (rechts unten im Beitragsbild). Das Interview ist sehr zielgenau gef\u00fchrt, und damit sind das gut investierte Minuten, wie ich finde. [Dirk]<\/p>\n<p>6. Tom Wellbrock befasst sich in einem ausf\u00fchrlichen <a href=\"http:\/\/www.neulandrebellen.de\/2017\/04\/der-deutsche-staat-will-nichts-kann-nichts-wird-nichts-tun\/\" target=\"_blank\" rel=\"noopener noreferrer\">Artikel auf\u00a0<em>neulandrebellen<\/em><\/a> mit der Einflusslosigkeit des Staates, in welcher dieser sich selbst durch die Privatisierungen der letzten Jahren hineinman\u00f6vriert hat. Dass mittlerweile vonseiten der Regierung auch ganz offen zugegeben wird, sowieso keinen Einfluss auf wichtige wirtschaftspolitische Faktoren nehmen zu k\u00f6nnen (und auch zu wollen), zeigt, dass es bei Wahlen leider nur noch darum geht, welchem Konzernsteigb\u00fcgelhalter wir die Stimmenmehrheit zusprechen.\u00a0[Karl]<\/p>\n<p>7. Der G20-Gipfel, der im Juli in Hamburg stattfinden wird, wirft immer deutlicher seine Schatten voraus. Ein <a href=\"https:\/\/www.hinzundkunzt.de\/g20-gipfel-obdachlose\/\" target=\"_blank\" rel=\"noopener noreferrer\">Artikel\u00a0in der\u00a0<em>Hinz &amp; Kunzt<\/em><\/a> geht nun der Frage nach, was denn mit den Obdachlosen in der Hansestadt w\u00e4hrend des Gipfels sein wird. Der Ratschlag, der von Bezirksamtsleiter Hamburg Mitte Falko Dro\u00dfmann (SPD) kommt, ist dabei bezeichnend f\u00fcr die abgehobene, blasierte und arrogante\u00a0Sichtweise, die mittlerweile auch bei sozialdemokratischen Politikern \u00fcblich ist: Die Obdachlosen sollten in der Zeit besser in eine andere Stadt gehen. Unglaublich! [Karl]<\/p>\n<p>8. In einem interessanten <a href=\"https:\/\/www.prager-fruehling-magazin.de\/de\/article\/1362.rechte-\u00e4sthetiken-des-widerstands.html\" target=\"_blank\" rel=\"noopener noreferrer\">Artikel im\u00a0<em>prager fr\u00fchling<\/em><\/a> beschreibt Julian Bruns die Charakteristika der neuen Rechten, die in den 2000er-Jahren ja zunehmend an Zulauf und damit auch medialer Aufmerksamkeit gewinnen. Dabei nennt er einige Protagonisten der Szene, stellt dar, wie durch die Identit\u00e4re Bewegung quasi\u00a0\u201efrischer Wind\u201c in die angestaubten nationalistischen Kreise kam und welche gemeinsamen konstituierenden Merkmale\u00a0die Rechten kennzeichnen. [Karl]<\/p>\n<p>9. Der t\u00fcrkische Pr\u00e4sident Erdogan wird ja nicht m\u00fcde zu betonen, dass in seinem Land Pressefreiheit herrschen w\u00fcrde, allerdings spricht ein <a href=\"http:\/\/www.fr.de\/politik\/tuerkei-tuerkische-journalisten-klagen-ueber-folter-a-1271128,EPC=s2\" target=\"_blank\" rel=\"noopener noreferrer\">Artikel in der\u00a0<em>Frankfurter Rundschau<\/em><\/a> nun eine andere Sprache. Dort kommen t\u00fcrkische Journalisten zu Wort, die nicht nur berichten, dass sie teilweise \u00fcberhaupt nicht wissen, warum sie inhaftiert wurden, sondern auch Vorw\u00fcrfe der Folter erheben. [Karl]<\/p>\n<p>10. <a href=\"https:\/\/www.3sat.de\/mediathek\/?mode=play&amp;obj=66367\" target=\"_blank\" rel=\"noopener noreferrer\"><em>Kulturzeit<\/em> #1 (sieben Minuten)<\/a>: Eine Studie aus dem Jahr 2016 legt offen, dass viele deutsche Eliteschulen nicht mit dem Grundgesetz konform sind. Es geht darum, dass Geld nicht entscheiden darf, ob man eine Schule besucht oder nicht. Zugang\u00a0muss generell zu allen Privatschulen bestehen, wenn die schulischen Leistungen ausreichend sind. Vor allem unter dem Gesichtspunkt, dass diese Schulen weiterhin aus Steuermitteln staatlich gef\u00f6rdert werden, st\u00f6\u00dft das bitter auf. (Der\u00a0<a href=\"http:\/\/www.deutschlandfunk.de\/elite-schulen-bildungsinseln-fuer-besserverdienende.680.de.html?dram:article_id=372432\" target=\"_blank\" rel=\"noopener noreferrer\"><em>Deutschlandfunk<\/em> berichtete<\/a> schon Ende 2016 dar\u00fcber.) [Dirk]<\/p>\n<p>11. <em>Kulturzeit<\/em> #2+3: Aktuell zur Wahl in Frankreich (und zum oben angef\u00fchrten Thema der Eliten) werden die beiden Kandidaten und weitere Personen des \u00f6ffentlichen Lebens in einem kurzen <a href=\"https:\/\/www.3sat.de\/mediathek\/?mode=play&amp;obj=66368\" target=\"_blank\" rel=\"noopener noreferrer\">zweieinhalbmin\u00fctigen Bericht<\/a> angef\u00fchrt, die eben aus diesen Eliteschulen stammen. Was bedeutet dies scheinbar f\u00fcr deren Karriere und wie gehen die Absolventen mit dem Begriff\u00a0\u201eelit\u00e4r\u201c um? Im Anschluss folgt ein aufschlussreiches knapp <a href=\"https:\/\/www.3sat.de\/mediathek\/?mode=play&amp;obj=66369\" target=\"_blank\" rel=\"noopener noreferrer\">sechsmin\u00fctiges Interview<\/a> mit dem Soziologen Michael Hartmann \u00fcber das Thema. Hier geht es auch um den Rechtsruck und die Unzufriedenheit unserer Zeit &#8230; [Dirk]<\/p>\n<p>12. Die Sicherung der Grenzen ist leider nicht nur in Europa und den USA ein gro\u00dfes Thema, so ein <a href=\"https:\/\/www.3sat.de\/mediathek\/?mode=play&amp;obj=66386\" target=\"_blank\" rel=\"noopener noreferrer\">zweieinhalbmin\u00fctiger Bericht<\/a> bei <em>nano<\/em>, der weltweite Grenzbauten aufz\u00e4hlt und deren Funktion kurz erl\u00e4utert. Ein darauf folgender <a href=\"https:\/\/www.3sat.de\/mediathek\/?mode=play&amp;obj=66383\" target=\"_blank\" rel=\"noopener noreferrer\">sechsmin\u00fctiger Bericht<\/a> geht etwas genauer auf die Grenzsicherung in Europa ein und wie wirkungslos und teuer diese Anstrengungen teilweise sind. W\u00fcrde man das ganze Geld\u00a0sinnvoll einsetzen (und da noch die Milit\u00e4rausgaben der US-Streitkr\u00e4fte draufpacken), dann w\u00e4re ein Gro\u00dfteil der Fluchtursachen leicht behoben &#8230; [Dirk]<\/p>\n<p>13.\u00a0Die V\u00f6gel sterben in Deutschland aus.\u00a0Klingt erst mal etwas rei\u00dferisch, ist aber tats\u00e4chlich eine Besorgnis erregende Tendenz: Wie ein <a href=\"http:\/\/www.sueddeutsche.de\/wissen\/artenvielfalt-deutschland-sterben-die-voegel-weg-1.3490817\" target=\"_blank\" rel=\"noopener noreferrer\">Artikel in der <em>S\u00fcddeutschen Zeitung<\/em><\/a> berichtet, ist seit 1800 der Vogelbestand um etwa 80 % zur\u00fcckgegangen.\u00a0Die Ursachen? Vor allem industrielle und rein profitorientierte Landwirtschaft ist daf\u00fcr verantwortlich, da so die V\u00f6gel weniger Nahrung und Brutpl\u00e4tze finden. Ein weiterer Beleg daf\u00fcr, wie sehr wir an dem Ast s\u00e4gen, auf dem wir alle sitzen &#8230; [Karl]<\/p>\n<p>14. In einem <a href=\"http:\/\/www.foodwatch.org\/de\/informieren\/tierhaltung\/aktuelle-nachrichten\/tiere-werden-systematisch-krank-gemacht\/\" target=\"_blank\" rel=\"noopener noreferrer\">Artikel von Matthias Wolfschmidt<\/a> auf der<em> foodwatch<\/em>-Webseite geht es um das Thema Tierwohl in der Landwirtschaft. Die Zahlen sind ern\u00fcchternd, denn viele Tiere werden ganz bewusst so gehalten, dass sie krank werden m\u00fcssen &#8211; und dabei spielt die Betriebsgr\u00f6\u00dfe oder ob es sich um einen Biolandwirt handelt, oft keine Rolle. Hier w\u00e4re es also Zeit f\u00fcr ein deutliches Umdenken, und eine gro\u00dfe Mehrheit der deutschen Bev\u00f6lkerung ist laut einer repr\u00e4sentativen Umfrage auch daf\u00fcr, dass die Politik hier regulierend t\u00e4tig wird. [Karl]<\/p>\n<p>15. Margarete Stokowski besch\u00e4ftigt sich in ihrer <a href=\"http:\/\/www.spiegel.de\/kultur\/gesellschaft\/ivanka-trump-und-ihr-verdrehtes-bild-vom-feminismus-kolumne-a-1145655.html\" target=\"_blank\" rel=\"noopener noreferrer\">Kolumne auf\u00a0<\/a><em><a href=\"http:\/\/www.spiegel.de\/kultur\/gesellschaft\/ivanka-trump-und-ihr-verdrehtes-bild-vom-feminismus-kolumne-a-1145655.html\" target=\"_blank\" rel=\"noopener noreferrer\">Spiegel Online<\/a>\u00a0<\/em>diesmal mit dem angeblichen Feminismus von Ivanka Trump. Da der Begriff\u00a0\u201eFeministin\u201c nicht gesch\u00fctzt sei, d\u00fcrfe sich die Tochter des US-Pr\u00e4seidenten nat\u00fcrlich selbst gern als solche bezeichnen, wie dies\u00a0k\u00fcrzlich auf dem W20-Gipfel in Berlin geschah, allerdings weist Stokowski die Verlogenheit nach, die dieser Selbsttitulierung innewohnt. Feminismus sollte n\u00e4mlich nicht darin bestehen,\u00a0\u201eprivilegierten Frauen das Leben noch einen Tick geiler zu machen\u201c. Touch\u00e9! [Karl]<\/p>\n<p>16. Der Jura-Professor Andreas Fisahn hat ein Buch mit dem Titel\u00a0\u201eHinter verschlossenen T\u00fcren: Halbierte Demokratie?\u201c geschrieben, was Marcus Kl\u00f6ckner zum Anlass genommen hat, mit ihm ein <a href=\"http:\/\/www.nachdenkseiten.de\/?p=38138\" target=\"_blank\" rel=\"noopener noreferrer\">Interview f\u00fcr die\u00a0<em>NachDenkSeiten<\/em><\/a> zu f\u00fchren. Darin werden die Demokratiedefizite, die der Neoliberalismus in immer st\u00e4rkerem Ausma\u00df hervorbringt, erl\u00e4utert, sodass Fisahn sogar schon von einer\u00a0\u201eautorit\u00e4ren Wirtschaftsregierung\u201c spricht. Zudem wird auch auf die gesellschaftlichen Auswirkungen eingegangen, woraus sich wiederum der Zulauf von rechtsautorit\u00e4ren und nationalchauvinistischen Parteien erkl\u00e4ren l\u00e4sst. [Karl]<\/p>\n<p>17. In Hessen die schwarz-gr\u00fcne Landesregierung gerade ein Gesetz zur Werbung an Schulen verabschiedet, wie ein <a href=\"http:\/\/taz.de\/Werbung-an-Schulen\/!5403471\/\" target=\"_blank\" rel=\"noopener noreferrer\">Artikel in der <em>taz<\/em><\/a> berichtet. War zun\u00e4chst noch von Lehrerverb\u00e4nden und NGOs positiv vermerkt worden, dass dieses Thema angegangen wurde, so herrscht hier nun ob der Umsetzung Entsetzen. Diese ist n\u00e4mlich ein Beispiel f\u00fcr Lobbyeinfluss, da so die M\u00f6glichkeit von Firmen, an Schulen Werbung zu betreiben, nicht eingeschr\u00e4nkt, sondern vielmehr noch erweitert wird. [Karl]<\/p>\n<p>18. Und noch was zum Thema Lobbyismus: Ein <a href=\"http:\/\/www.spiegel.de\/auto\/aktuell\/volkswagen-diesel-affaere-abschlussbericht-des-untersuchungsausschusses-a-1146083.html\" target=\"_blank\" rel=\"noopener noreferrer\">Artikel auf\u00a0<em>Spiegel Online<\/em><\/a> befasst sich mit dem Abschlussbericht zum Abgasskandal, der gerade von der gro\u00dfen Koalition vorgelegt wurde. Dieser ist zum einen eine Art Persilschein f\u00fcr die Autoindustrie, zum anderen w\u00e4scht die Regierung darin ihre H\u00e4nde komplett in Unschuld.\u00a0Das gipfelt dann in Aussagen wie denen, dass es eines Untersuchungsausschusses angesichts dieses riesigen Industrieskandals gar nicht bedurft h\u00e4tte und dass Stickoxide ja gar nicht nachweislich gesundheitsgef\u00e4hrdend w\u00e4ren. Harsche Kritik hat dieses Machwerk gro\u00dfkoalition\u00e4rer Politikverweigerung, Wirtschaftsh\u00f6rigkeit und Arroganz dann nur f\u00fcr einen \u00fcbrig: die Opposition. Was f\u00fcr ein Armutszeugnis! [Karl]<\/p>\n<p>19.\u00a0Die <em>Deutsche Welle<\/em> pr\u00e4sentiert ein <a href=\"http:\/\/www.dw.com\/de\/es-ist-ein-krieg-gegen-die-energiewende\/a-38689603\" target=\"_blank\" rel=\"noopener noreferrer\">Interview mit der Wirtschaftsforscherin Claudia Kemfert<\/a> zum Thema Energiewende. Darin benennt die mehrfach ausgezeichnete Wissenschaftlerin deutlich die von Fake-News gepr\u00e4gte gro\u00dfe PR-Kampagne der Energieunternehmen, die mit fossilen Brennstoffen noch eine Zeit lang Geld machen wollen und deswegen so die dringend notwendige Energiewende auszubremsen versuchen. Und das gelingt ihnen leider auch recht gut, wie der Einfluss auf \u00f6ffentliche Meinung und Politik zeigt. Wichtig sei es also, so Kemfert, dagegenzuhalten und diese L\u00fcgen als das zu entlarven, was sie sind. [Karl]<\/p>\n<p>20. Ein <a href=\"http:\/\/www.spektrum.de\/news\/wirtschaftsstudenten-sind-narzisstisch-und-ruecksichtslos\/1455229?utm_medium=newsletter&amp;utm_source=sdw-nl&amp;utm_campaign=sdw-nl-daily&amp;utm_content=heute\" target=\"_blank\" rel=\"noopener noreferrer\">Artikel auf <em>Spektrum.de<\/em><\/a>\u00a0berichtet von einer\u00a0Studie, die die\u00a0Pers\u00f6nlichkeitsmerkmale von Studenten unterschiedlicher Fachbereiche untersucht hat. Das Ergebnis ist nicht so sehr \u00fcberraschend: Die miesesten Charaktereigenschaften findet man bei Studenten der Wirtschaftswissenschaften (Selbst\u00fcbersch\u00e4tzung, Psychopathie, R\u00fccksichtslosigkeit, Narzissmus usw.), und diese werden in der Regel nicht erst durch das Studium hervorgebracht, sondern liegen schon vorher vor.\u00a0Da wundert einen doch gleich vieles nicht mehr so sehr, oder? [Karl]<\/p>\n<p>21. Schon mal was von Ultraschall-Tracking geh\u00f6rt? Nein? Nun, die Wahrscheinlichkeit ist allerdings nicht gerade klein, dass genau dies auf Deinem Smartphone stattfindet, wie ein <a href=\"https:\/\/www.heise.de\/newsticker\/meldung\/Tracking-Forscher-finden-Ultraschall-Spyware-in-234-Android-Apps-3704642.html?wt_mc=rss.ho.beitrag.atom\" target=\"_blank\" rel=\"noopener noreferrer\">Artikel\u00a0auf <em>heise.de<\/em><\/a>\u00a0berichtet. Grundlage daf\u00fcr ist die Lauschtechnik Silverpush, die mittlerweile versteckt auf 234 Android-Apps gefunden wurde. Das Smartphone erweist sich also immer mehr als \u00dcberwachungsinstrument orwellschen Ausma\u00dfes, auch wenn die in dem Artikel beschriebene Technik zun\u00e4chst mal \u201enur\u201c kommerziellen Zwecken dient. [Karl]<\/p>\n<p>22. Ein <a href=\"https:\/\/correctiv.org\/blog\/ruhr\/artikel\/2017\/05\/04\/spinnen-im-terrornetz\/\" target=\"_blank\" rel=\"noopener noreferrer\">Artikel von <em>CORRECT!V.RUHR<\/em><\/a> befasst sich mit dem gerade erschienenen Abschlussbericht des nordrein-westf\u00e4lischen Untersuchungsausschusses, der dort auf der Webseite auch komplett eingesehen kann (immerhin gut 1100 Seiten). Das Resultat: Der NRW-Verfassungsschutz hat auf ganzer Linie versagt, rechten Terror verharmlost, Strafverfahren behindert, um seine Quellen in der Naziszene zu sch\u00fctzen, vertuscht und sogar Mitglieder des Untersuchungsausschusses eingesch\u00fcchtert.\u00a0Immer mittenmang: Burkhard Freier &#8211; der heute als Belohnung f\u00fcr sein Versagen den NRW-Verfassungsschutz leiten darf und in dieser Funktion weitere Dokumente unter Verschluss h\u00e4lt. [Karl]<\/p>\n","protected":false},"excerpt":{"rendered":"<p>An dieser Stelle pr\u00e4sentieren wir regelm\u00e4\u00dfig Links, die wir unter der Woche entdeckt haben, zu denen wir selbst nicht mehr viel schreiben m\u00fcssen und die wir teilenswert finden. Viel Spa\u00df beim Lesen und Anschauen!<\/p>\n","protected":false},"author":5,"featured_media":0,"comment_status":"open","ping_status":"closed","sticky":false,"template":"","format":"standard","meta":{"footnotes":""},"categories":[193],"tags":[],"class_list":["post-7753","post","type-post","status-publish","format-standard","hentry","category-woechentliches"],"_links":{"self":[{"href":"https:\/\/www.unterstroemt.de\/index.php?rest_route=\/wp\/v2\/posts\/7753","targetHints":{"allow":["GET"]}}],"collection":[{"href":"https:\/\/www.unterstroemt.de\/index.php?rest_route=\/wp\/v2\/posts"}],"about":[{"href":"https:\/\/www.unterstroemt.de\/index.php?rest_route=\/wp\/v2\/types\/post"}],"author":[{"embeddable":true,"href":"https:\/\/www.unterstroemt.de\/index.php?rest_route=\/wp\/v2\/users\/5"}],"replies":[{"embeddable":true,"href":"https:\/\/www.unterstroemt.de\/index.php?rest_route=%2Fwp%2Fv2%2Fcomments&post=7753"}],"version-history":[{"count":29,"href":"https:\/\/www.unterstroemt.de\/index.php?rest_route=\/wp\/v2\/posts\/7753\/revisions"}],"predecessor-version":[{"id":7823,"href":"https:\/\/www.unterstroemt.de\/index.php?rest_route=\/wp\/v2\/posts\/7753\/revisions\/7823"}],"wp:attachment":[{"href":"https:\/\/www.unterstroemt.de\/index.php?rest_route=%2Fwp%2Fv2%2Fmedia&parent=7753"}],"wp:term":[{"taxonomy":"category","embeddable":true,"href":"https:\/\/www.unterstroemt.de\/index.php?rest_route=%2Fwp%2Fv2%2Fcategories&post=7753"},{"taxonomy":"post_tag","embeddable":true,"href":"https:\/\/www.unterstroemt.de\/index.php?rest_route=%2Fwp%2Fv2%2Ftags&post=7753"}],"curies":[{"name":"wp","href":"https:\/\/api.w.org\/{rel}","templated":true}]}}