{"id":7791,"date":"2017-05-07T09:56:08","date_gmt":"2017-05-07T07:56:08","guid":{"rendered":"https:\/\/www.unterstroemt.de\/?p=7791"},"modified":"2017-05-07T09:56:08","modified_gmt":"2017-05-07T07:56:08","slug":"populismus-gegen-die-linke","status":"publish","type":"post","link":"https:\/\/www.unterstroemt.de\/?p=7791","title":{"rendered":"Populismus gegen Die Linke"},"content":{"rendered":"<p>Hier mal wieder ein bezeichnendes Beispiel, wie unsauber und populistisch Medien und Politiker mit der Partei Die Linke umspringen:<\/p>\n<p>In der\u00a0<em>Rheinischen Post<\/em> erschien vorgestern ein <a href=\"http:\/\/www.rp-online.de\/politik\/deutschland\/wahlen-in-frankreich-nrw-linke-nicht-klar-gegen-le-pen-aid-1.6799500\" target=\"_blank\" rel=\"noopener noreferrer\">Artikel<\/a>, in dem es um \u00c4u\u00dferungen von Christian Leye, einem der beiden Spitzenkandidaten der Linken f\u00fcr die anstehende Landtagswahl in Nordrhein-Westfalen am 14. Mai, zur heute stattfindenden Pr\u00e4sidentschaftswahl in Frankreich, bei welcher der neoliberale Emmanuel Macron und die rechtsextreme Marine Le Pen in der Stichwahl gegeneinander antreten, geht.<\/p>\n<p>In dem Artikel wir nun Leye zitiert:<\/p>\n<blockquote><p>Leye sagt zwar, die Wahl von Marine Le Pen m\u00fcsse \u201eauf jeden Fall verhindert werden\u201c. Es d\u00fcrfe auch keine Stimme f\u00fcr \u201ediese rassistische Hetze\u201c geben.<\/p><\/blockquote>\n<p>Wie man davon dann zur \u00dcberschrift \u201eNRW-Linke nicht klar gegen Le Pen\u201c kommen kann,\u00a0l\u00e4sst sich wohl nur mit dem Bem\u00fchen um Diffamierung eines politisch unliebsamen Kandidaten erkl\u00e4ren. Weiter steht dann in dem Artikel:<\/p>\n<blockquote><p>Er f\u00fcgt aber hinzu: \u201eIch verstehe allerdings gut, dass Zwei-Drittel der W\u00e4hler des linken Kandidaten M\u00e9lenchon sich bei dieser Wahl enthalten wollen. Der franz\u00f6sische Intellektuelle Didier Eribon hat es auf den Punkt gebracht: \u201aWer Macron w\u00e4hlt, w\u00e4hlt Le Pen.\u2018\u201c Leye, Mitarbeiter von Linken-Fraktionschefin Sahra Wagenknecht in deren D\u00fcsseldorfer B\u00fcro, meint, es sei \u201egerade der Neoliberalismus Macrons, der Europa zerst\u00f6rt und mittelfristig droht, die extreme Rechte an die Macht zu bringen.\u201c<\/p><\/blockquote>\n<p>Das ist nun eine durchaus zutreffende Analyse, wie ich finde.\u00a0Man kann nat\u00fcrlich auch davon ausgehen, dass der \u00fcberall in Deutschland und der EU erstarkende Rechtsextremismus einfach so vom Himmel gefallen ist und nichts mit den politischen und gesellschaftlichen Entwicklungen der letzten Jahrzehnte zu tun hat, aber damit steht man halt auf argumentativ eher t\u00f6nernen F\u00fc\u00dfen.<\/p>\n<p>Und was macht man, wenn man inhaltlich nichts zu bieten hat oder Zusammenh\u00e4nge verschleiern m\u00f6chte? Man diffamiert denjenigen, der sich entsprechend ge\u00e4u\u00dfert hat. Und in diesem Fall kann dann sogar noch sch\u00f6n Stimmung gemacht werden gegen ein m\u00f6gliches rot-rot-gr\u00fcnes B\u00fcndnis in NRW. Damit das auch klar wird, werden dann auch gleich der nordrhein-westf\u00e4lische SPD-Generalsekret\u00e4r und Gr\u00fcnen-Vorsitzende zitiert, die sich entsetzt geben und sich damit ebenfalls vor den populistischen Karren spannen lassen. Klar, ist ja Wahlkampf &#8230;<\/p>\n<p>\u00dcbrigens ist es Journalisten in der Regel bekannt, dass viele Leser vor allem die \u00dcberschrift und vielleicht noch den Anrisstext lesen, aber dann nicht mehr den eigentlichen Artikel. Insofern wird hier die Message nat\u00fcrlich komplett eindeutig r\u00fcbergebracht, und Die Linke soll mal wieder in die N\u00e4he von Rechtsextremen ger\u00fcckt werden. Das Schlimme daran ist: Dieses unlautere Vorgehen funktioniert, wie ich t\u00e4glich in Diskussionen feststellen muss.<\/p>\n<p>Populismus in Reinkultur, den die\u00a0<em>Rheinische Post<\/em> hier also betreibt. Aber den gibt&#8217;s ja angeblich nicht bei den sogenannten Qualit\u00e4tsmedien &#8230;<\/p>\n","protected":false},"excerpt":{"rendered":"<p>Die Rheinische Post betreibt ziemlich plumpen Populismus, aber da es ja gegen einen Politiker der Linken geht, n\u00e4mlich Christian Leye, NRW-Spitzenkandidat seiner Partei, scheint das dann ja irgendwie o. k. zu sein. Mal wieder ein Beispiel f\u00fcr Journalismus, der vor allem an Agitation und nicht an zumindest um Objektivit\u00e4t und Fairness bem\u00fchte Berichterstattung interessiert zu sein scheint.<\/p>\n","protected":false},"author":3,"featured_media":0,"comment_status":"open","ping_status":"closed","sticky":false,"template":"","format":"standard","meta":{"footnotes":""},"categories":[67,50],"tags":[],"class_list":["post-7791","post","type-post","status-publish","format-standard","hentry","category-medial-manipulatives","category-politisches"],"_links":{"self":[{"href":"https:\/\/www.unterstroemt.de\/index.php?rest_route=\/wp\/v2\/posts\/7791","targetHints":{"allow":["GET"]}}],"collection":[{"href":"https:\/\/www.unterstroemt.de\/index.php?rest_route=\/wp\/v2\/posts"}],"about":[{"href":"https:\/\/www.unterstroemt.de\/index.php?rest_route=\/wp\/v2\/types\/post"}],"author":[{"embeddable":true,"href":"https:\/\/www.unterstroemt.de\/index.php?rest_route=\/wp\/v2\/users\/3"}],"replies":[{"embeddable":true,"href":"https:\/\/www.unterstroemt.de\/index.php?rest_route=%2Fwp%2Fv2%2Fcomments&post=7791"}],"version-history":[{"count":2,"href":"https:\/\/www.unterstroemt.de\/index.php?rest_route=\/wp\/v2\/posts\/7791\/revisions"}],"predecessor-version":[{"id":7795,"href":"https:\/\/www.unterstroemt.de\/index.php?rest_route=\/wp\/v2\/posts\/7791\/revisions\/7795"}],"wp:attachment":[{"href":"https:\/\/www.unterstroemt.de\/index.php?rest_route=%2Fwp%2Fv2%2Fmedia&parent=7791"}],"wp:term":[{"taxonomy":"category","embeddable":true,"href":"https:\/\/www.unterstroemt.de\/index.php?rest_route=%2Fwp%2Fv2%2Fcategories&post=7791"},{"taxonomy":"post_tag","embeddable":true,"href":"https:\/\/www.unterstroemt.de\/index.php?rest_route=%2Fwp%2Fv2%2Ftags&post=7791"}],"curies":[{"name":"wp","href":"https:\/\/api.w.org\/{rel}","templated":true}]}}