{"id":8758,"date":"2017-09-17T14:10:38","date_gmt":"2017-09-17T12:10:38","guid":{"rendered":"https:\/\/www.unterstroemt.de\/?p=8758"},"modified":"2017-09-18T16:39:20","modified_gmt":"2017-09-18T14:39:20","slug":"interessantes-aus-kw-372017","status":"publish","type":"post","link":"https:\/\/www.unterstroemt.de\/?p=8758","title":{"rendered":"Interessantes aus KW 37\/2017"},"content":{"rendered":"<p>An dieser Stelle pr\u00e4sentieren wir regelm\u00e4\u00dfig Links, die wir unter der Woche entdeckt haben, zu denen wir selbst nicht mehr viel schreiben m\u00fcssen und die wir teilenswert finden. Viel Spa\u00df beim Lesen und Anschauen!<\/p>\n<p>1. Letzte Woche wiesen wir ja schon auf einen kritischen Artikel zur tendenzi\u00f6sen\u00a0<em>ZDF<\/em>-Doku\u00a0\u201eRadikale von Linke &#8211; Die untersch\u00e4tzte Gefahr\u201c hin. Nun kommt&#8217;s allerdings noch dicker, wie ein <a href=\"http:\/\/taz.de\/ZDFinfo-Doku-Radikale-von-Links\/!5446437\/\" target=\"_blank\" rel=\"noopener\">Artikel in der\u00a0<em>taz<\/em><\/a> schildert: Ein in der Doku zu Wort kommender Politologe ist n\u00e4mlich nicht nur der Wissenschaftler, als der er dort vorgestellt wird, sondern dar\u00fcber hinaus auch Kreisvorsitzender der AfD in Rothenburg\/W\u00fcmme. Das w\u00e4re ja vielleicht mal eine Information wert gewesen, um die Aussagen dieses Experten dann auch entsprechend einordnen zu k\u00f6nnen, oder? So kann man nur sagen, dass das <em>ZDF<\/em> sch\u00f6n Wahlwerbung f\u00fcr die AfD macht &#8230;\u00a0[Karl]<\/p>\n<p>2. In einem <a href=\"http:\/\/meedia.de\/2017\/09\/12\/satire-die-weh-tut-das-bitterboese-plakat-der-sonneborn-partei-zur-fluechtlingspolitik-der-cdu\/\" target=\"_blank\" rel=\"noopener\">Artikel auf <em>MEEDIA<\/em><\/a> geht es um ein sehr b\u00f6ses, aber treffendes Wahlplakat von der satirischen PARTEI und die kontroversen Reaktionen, die das ausgel\u00f6st hat. Als Motiv wurde hier n\u00e4mlich der im Mittelmeer ertrunkene Fl\u00fcchtlingsjunge Aylan Kurdi gew\u00e4hlt, dessen Bild in ein Plakat im Stil des aktuellen CDU-Wahlkampfes eingebaut und mit dem Slogan\u00a0\u201eF\u00fcr einen Strand, auf dem wir gut und gerne liegen&#8220; versehen. Das ist nat\u00fcrlich harter Tobak, gibt aber den Zynismus des inhaltsleeren Wahlkampfes angesichts Tausender, die auch in diesem Jahr wieder im Mittelmeer ertrunken sind, sehr gut wieder. Satire muss eben auch mal wehtun, finde ich. [Karl]<\/p>\n<p>3. W\u00e4hrend der Eskalationen beim G20-Gipfel in Hamburg sind auch einige Leute verhaftet worden. In einem <a href=\"http:\/\/www.ardmediathek.de\/tv\/Panorama\/Linke-Gewalt-Hamburger-Justiz-greift-du\/Das-Erste\/Video?bcastId=310918&amp;documentId=45761322\" target=\"_blank\" rel=\"noopener\">zehnmin\u00fctigen Bericht<\/a> zeigt <em>Panorama,<\/em> wie die Justiz sich nun entsprechende Anklagen zusammenschustert, um \u201eharte Strafen\u201c gegen die Randalierer verh\u00e4ngen zu k\u00f6nnen. Nat\u00fcrlich sollten Leute f\u00fcr ihre Taten zur Rechenschaft gezogen werden, aber wie im Bericht auch gesagt:\u00a0\u201eDen S\u00fcndenbock sieht unser Rechtssystem nicht vor.\u201c [Dirk] Passend dazu: Eine <a href=\"http:\/\/www.spiegel.de\/politik\/deutschland\/g20-gipfel-50-prozent-mehr-polizisten-im-einsatz-als-bisher-bekannt-a-1166651.html\" target=\"_blank\" rel=\"noopener\">Meldung auf <em>Spiegel Online<\/em><\/a> berichtet, dass die Anzahl der beim G20-Gipfel eingesetzten Polizisten um mehr als 50 % h\u00f6her war als angegeben. Es kommen also immer mehr L\u00fcgen heraus, die von offizieller Seite aus einfach so verbreitet wurden. [Karl]<\/p>\n<p>4. Das Medienmagazin <em>ZAPP<\/em> rei\u00dft das Thema \u201eSocial Bots\u201c in einem knapp <a href=\"https:\/\/www.ndr.de\/fernsehen\/sendungen\/zapp\/Social-Bots-BTW17-letzte-normale-Wahlkampf,socialbots108.html\" target=\"_blank\" rel=\"noopener\">sechsmin\u00fctigen Bericht<\/a> an und kl\u00e4rt auch auf, in welchem Umfang welche Gruppierungen diese nutzen. Wie sehr diese kleinen Programme das tats\u00e4chliche Stimmungsbild auf Twitter und Co. verbiegen, ist vielen gar nicht klar. Und dabei sind diese automatisierten Benutzerkonten bei so ziemlich jedem Medium mit Rang und Namen verboten. [Dirk]<\/p>\n<p>5. Nachdem die FDP nun seit Monaten von ihr zugeneigten Journalisten geh\u00e4tschelt wurde, finden sich nun in einem <a href=\"http:\/\/www.stern.de\/wirtschaft\/news\/fuenf-gruende--warum-man-die-fdp-nicht-waehlen-kann---ein-kommentar-7618718.html\" target=\"_blank\" rel=\"noopener\">Kommentar von Andreas Hoffmann im <em>Stern<\/em><\/a> mal deutliche Worte in Form von f\u00fcnf Gr\u00fcnden, warum man diese Partei nicht w\u00e4hlen sollte. Allerdings d\u00fcrfte das nun auch zu sp\u00e4t sein, sodass so diese einzelne Stimme nichts daran \u00e4ndern wird, dass diese zutiefst unsoziale Partei in den Bundestag einziehen wird und dort vermutlich auch ihre Klientelpolitik in der kommenden Regierung wird umsetzen k\u00f6nnen. [Karl]<\/p>\n<p>6. Tomasz Konicz besch\u00e4ftigt sich in einem <a href=\"https:\/\/www.heise.de\/tp\/features\/AfD-Die-Masken-fallen-3830717.html\" target=\"_blank\" rel=\"noopener\"><em>Telepolis<\/em>-Artikel<\/a> mit den Netzwerken und Geldgebern, die hinter der AfD stecken. Der Titel\u00a0\u201eDie Masken fallen\u201c bringt es dabei gut auf den Punkt: W\u00e4hrend sich das AfD-Personal mit immer rechtsextremeren und menschenfeindlichen Aussagen aus dem Fenster lehnt, stehen andererseits auf vollkommen intransparente Weise Sponsoren hinter der Rechtspartei, die anscheinend auch schon die FDP gro\u00dfz\u00fcgig alimentiert haben. In jedem Fall wird so deutlich, dass die AfD das genaue Gegenteil einer\u00a0\u201ePartei f\u00fcr den kleinen Mann\u201c ist, als die sie sich gern immer selbst darstellt. [Karl]<\/p>\n<p>7. Ein\u00a0<a href=\"http:\/\/www.umweltinstitut.org\/aktuelle-meldungen\/meldungen\/glyphosat-behoerde-schreibt-bewertung-von-monsanto-ab.html\" target=\"_blank\" rel=\"noopener\">Artikel des <em>Umweltinstituts M\u00fcnchen<\/em><\/a>\u00a0berichtet, dass das Bundesinstitut f\u00fcr Risikobewertung (BfR) laut Recherchen von <em>The Guardian<\/em> und anderen Medien bei der Bewertung des umstrittenen Pestizids Glyphosat einfach zu weiten Teilen direkt aus dem Zulassungsantrag des Konzerns Monsanto abgeschrieben hat, mit dem dieser eine Verl\u00e4ngerung der Glyphosat-Zulassung fordert. Dabei wurde dann auch bewusst gelogen, um diese Tatsache zu verschleiern &#8211; bis hin zur Bundesregierung, die sich diese Position des BfR zu eigen gemacht hat. Wie offensichtlich muss es denn noch werden, dass die neoliberalen Parteien nur Politik zugunsten von Konzernen und zulasten der Menschen machen? [Karl]<\/p>\n<p>8. In einem <a href=\"http:\/\/www.neulandrebellen.de\/2017\/09\/mini-jobwunder-unser-blaues-wunder\/\" target=\"_blank\" rel=\"noopener\">Artikel auf <em>neulandrebellen<\/em><\/a> befasst sich Roberto J. De Lapuente mit dem Zusammenhang der derzeitigen Regierungspolitik und dem Erstarken der rechtsextremen AfD. Obwohl Bundeskanzlerin Angela Merkel (CDU) sich gern als eine Art Bollwerk gegen den Rechtspopulismus und seine Menschenverachtung inszeniert, ist es doch genau die von ihrer Regierung betriebene Politik, hier beschrieben am Beispiel der sogenannten Mini-Jobs, die immer mehr Menschen das Gef\u00fchl gibt, zu kurz zu kommen, und sie so in die Arme der AfD treibt, die diese berechtigten Sorgen aufgreift und mit unzutreffenden, aber einfach S\u00fcndenbockmodellen versieht. [Karl]<\/p>\n<p>9. Auf <em>Facebook<\/em> ist in letzter Zeit ein Ph\u00e4nomen zu beobachten, dass vielen Usern rechte und AfD-affine Gruppen vorgeschlagen werden, vor allem auch solchen, die politisch damit nichts am Hut haben. Jens Berger analysiert nun in einem <a href=\"http:\/\/www.nachdenkseiten.de\/?p=40025\" target=\"_blank\" rel=\"noopener\">Artikel auf den <em>NachDenkSeiten<\/em><\/a>, wie es dazu kommen kann, da dies eigentlich der Intention von <em>Facebook<\/em>, zielgruppengenaue Werbung zu schalten, entgegensteht. Dabei kommt er zum Schluss, dass vermutlich Social Bots daf\u00fcr verantwortlich sein k\u00f6nnten, was sich in den kommenden Jahren noch zu einem gro\u00dfen Medienproblem auswachsen k\u00f6nnte. Umso wichtiger, sich jetzt schon damit zu befassen. [Karl]<\/p>\n<p>10. Mikroplastik ist ein ziemliches Problem &#8211; und zwar wohl noch ein weitaus gr\u00f6\u00dferes, als bisher angenommen wurde. Ein <a href=\"https:\/\/utopia.de\/plastik-salz-mikroplastik-63633\/\" target=\"_blank\" rel=\"noopener\">Artikel auf <em>Utopia<\/em><\/a> berichtet n\u00e4mlich von einigen aktuellen Studien, die diese winzigen Plastikpartikel in nahezu allen untersuchten Salzsorten nachweisen konnten &#8211; was bedeutet, dass wir st\u00e4ndig Mikroplastik mit der Nahrung aufnehmen. Was das im K\u00f6rper so anrichtet, ist noch nicht ganz klar, Vermutungen aus Beobachtungen bei Tieren deuten jedoch auf erh\u00f6hte Tumorbildung und Mortalit\u00e4t hin. Na, Mahlzeit &#8230; [Karl]<\/p>\n<p>11. Dresden hat vor allem auch aufgrund von Pegida den Ruf, eine reichlich braune Stadt zu sein. Dass sich dies im politischen Spektrum nicht nur auf die AfD und NPD bezieht, hat die CDU gerade im dortigen Stadtrat unter Beweis gestellt, wie ein <a href=\"http:\/\/www.sueddeutsche.de\/politik\/diskussion-im-stadtrat-wenn-die-cdu-mit-afd-und-npd-stimmt-1.3659664\" target=\"_blank\" rel=\"noopener\">Artikel in der <em>S\u00fcddeutschen Zeitung<\/em><\/a> beschreibt. Bei einer Abstimmung zu einem neuen F\u00f6rderprogramm, dass Projekte, die f\u00fcr Vielf\u00e4ltigkeit und Weltoffenheit stehen, unterst\u00fctzen soll, stimmten die CDU-Abgeordneten nach teilweise haneb\u00fcchen geschichtsklitternden Wortbeitr\u00e4gen zusammen mit der AfD und NPD gegen das Programm. Da Derartiges in letzter Zeit immer h\u00e4ufiger vorkommt, kann man wohl schon von einer Ann\u00e4herung von zuk\u00fcnftigen politischen Partnern sprechen. [Karl]<\/p>\n<p>12. Auf <em>3sat<\/em> liefert Richard David Precht eine <a href=\"http:\/\/www.3sat.de\/mediathek\/?mode=play&amp;obj=68544\" target=\"_blank\" rel=\"noopener\">45-min\u00fctige Erkl\u00e4rung f\u00fcr die Beschreibung \u201eDer Zustand unserer Wirtschaft\u201c<\/a>. Im Interview mit dem ehemaligen Vorstandsvorsitzenden der Daimler-Benz AG Edzard Reuter analysieren und hinterfragen die beiden Protagonisten den Umgang mit Spitzenmanagern und die Verantwortung jedes Einzelnen f\u00fcr ein Unternehmen. Trotz kritischer Fragen ein anregendes und kl\u00e4rendes Gespr\u00e4ch. [Dirk]<\/p>\n<p>&nbsp;<\/p>\n","protected":false},"excerpt":{"rendered":"<p>An dieser Stelle pr\u00e4sentieren wir regelm\u00e4\u00dfig Links, die wir unter der Woche entdeckt haben, zu denen wir selbst nicht mehr viel schreiben m\u00fcssen und die wir teilenswert finden. Viel Spa\u00df beim Lesen und Anschauen!<\/p>\n","protected":false},"author":5,"featured_media":0,"comment_status":"open","ping_status":"closed","sticky":false,"template":"","format":"standard","meta":{"footnotes":""},"categories":[193],"tags":[],"class_list":["post-8758","post","type-post","status-publish","format-standard","hentry","category-woechentliches"],"_links":{"self":[{"href":"https:\/\/www.unterstroemt.de\/index.php?rest_route=\/wp\/v2\/posts\/8758","targetHints":{"allow":["GET"]}}],"collection":[{"href":"https:\/\/www.unterstroemt.de\/index.php?rest_route=\/wp\/v2\/posts"}],"about":[{"href":"https:\/\/www.unterstroemt.de\/index.php?rest_route=\/wp\/v2\/types\/post"}],"author":[{"embeddable":true,"href":"https:\/\/www.unterstroemt.de\/index.php?rest_route=\/wp\/v2\/users\/5"}],"replies":[{"embeddable":true,"href":"https:\/\/www.unterstroemt.de\/index.php?rest_route=%2Fwp%2Fv2%2Fcomments&post=8758"}],"version-history":[{"count":22,"href":"https:\/\/www.unterstroemt.de\/index.php?rest_route=\/wp\/v2\/posts\/8758\/revisions"}],"predecessor-version":[{"id":8804,"href":"https:\/\/www.unterstroemt.de\/index.php?rest_route=\/wp\/v2\/posts\/8758\/revisions\/8804"}],"wp:attachment":[{"href":"https:\/\/www.unterstroemt.de\/index.php?rest_route=%2Fwp%2Fv2%2Fmedia&parent=8758"}],"wp:term":[{"taxonomy":"category","embeddable":true,"href":"https:\/\/www.unterstroemt.de\/index.php?rest_route=%2Fwp%2Fv2%2Fcategories&post=8758"},{"taxonomy":"post_tag","embeddable":true,"href":"https:\/\/www.unterstroemt.de\/index.php?rest_route=%2Fwp%2Fv2%2Ftags&post=8758"}],"curies":[{"name":"wp","href":"https:\/\/api.w.org\/{rel}","templated":true}]}}