{"id":8983,"date":"2017-10-15T17:32:29","date_gmt":"2017-10-15T15:32:29","guid":{"rendered":"https:\/\/www.unterstroemt.de\/?p=8983"},"modified":"2017-10-16T12:37:52","modified_gmt":"2017-10-16T10:37:52","slug":"interessantes-aus-kw-412017","status":"publish","type":"post","link":"https:\/\/www.unterstroemt.de\/?p=8983","title":{"rendered":"Interessantes aus KW 41\/2017"},"content":{"rendered":"<p>An dieser Stelle pr\u00e4sentieren wir regelm\u00e4\u00dfig Links, die wir unter der Woche entdeckt haben, zu denen wir selbst nicht mehr viel schreiben m\u00fcssen und die wir teilenswert finden. Viel Spa\u00df beim Lesen und Anschauen!<\/p>\n<p>1. Eigentlich bereits am letzten Freitag ausgestrahlt, anbei der knapp <a href=\"http:\/\/www.3sat.de\/mediathek\/?mode=play&amp;obj=69252\" target=\"_blank\" rel=\"noopener\">viermin\u00fctige Beitrag<\/a>\u00a0aus der <em>kulturzeit<\/em> zur Vergabe des Friedensnobelpreises. Es ist einfach \u00fcberall auf der Welt das Gleiche: Die Mehrheit entscheidet sich f\u00fcr eine Sache, und die m\u00e4chtigen aus Politik und Wirtschaft machen, was sie wollen. Ob es um missachtete Volksentscheide geht oder Grenzwerte, die von Gro\u00dfkonzernen systematisch ignoriert werden. Was bleibt, au\u00dfer die Mistgabeln zu schwingen? [Dirk]<\/p>\n<p>2. Wieder einmal ein Bericht zu Monsanto und seinem Kassenschlager Roundup (mit Glyphosat). Die<em> 3sat-<\/em>Sendung <em>nano<\/em> berichtet in einem <a href=\"http:\/\/www.3sat.de\/mediathek\/?mode=play&amp;obj=69238\" target=\"_blank\" rel=\"noopener\">siebenmin\u00fctigen Bericht<\/a> \u00fcber den Umgang von Monsanto\u00a0 mit m\u00f6glichen Gesch\u00e4digten. Au\u00dferdem werden einige interne Papiere gezeigt, die durchaus die Sorge von Monsanto vermitteln, dass ihr Produkt nicht zu Unrecht am Pranger steht. [Dirk]<\/p>\n<p>3. Fast jeden Sonntag beende ich die Woche mit <em>ttt,<\/em> und das ist auch gut so. Hier zwei Links in einem Absatz, die so absolut nichts miteinander zu tun haben au\u00dfer dem Rahmen, in dem sie eingebettet waren. Als Erstes ein <a href=\"http:\/\/www.ardmediathek.de\/tv\/ttt-titel-thesen-temperamente\/Attribution-Science\/Das-Erste\/Video?bcastId=431902&amp;documentId=46751740\" target=\"_blank\" rel=\"noopener\">sechsmin\u00fctiger Beitrag<\/a> zur \u201eAttribution Science\u201c: der Wissenschaft der Zuordnung und wie diese nun eingesetzt wird, um Wetterph\u00e4nomene dem Klimawandel zugeh\u00f6rig zuzuordnen (oder eben nicht). Als <a href=\"http:\/\/www.ardmediathek.de\/tv\/ttt-titel-thesen-temperamente\/Die-Bilderwelten-des-Noma-Bar\/Das-Erste\/Video?bcastId=431902&amp;documentId=46751862\" target=\"_blank\" rel=\"noopener\">zweiter (\u00e4hnlicher langer) Beitrag<\/a> einfach nur interessante Bilderwelten des Noam Bar: Er schafft kleine Kunstwerke in minimalistischer Auspr\u00e4gung und von tiefer symbolischer Kraft. Wow! [Dirk]<\/p>\n<p>4. Erschreckende Zahlen werden da in einem <a href=\"https:\/\/www.foodwatch.org\/de\/informieren\/kinderernaehrung\/aktuelle-nachrichten\/kinder-weltweit-von-fettleibigkeit-bedroht\/\" target=\"_blank\" rel=\"noopener\">Artikel von <em>foodwatch<\/em><\/a> pr\u00e4sentiert: Die Zahl der fettleibigen Kinder hat sich weltweit von 1975 bis heute absolut verzehnfacht, und auch die prozentualen Zunahmen sind deutlich, n\u00e4mlich von weniger als einem Prozent 1975 auf mittlerweile fast sechs Prozent der M\u00e4dchen und fast acht Prozent der Jungen. Gr\u00fcnde: viel Werbung f\u00fcr ungesunden Mampf, hohe Preise f\u00fcr gesundes Essen und zu wenig Bewegung der Kids. Da l\u00e4uft doch was so richtig falsch, oder? [Karl]<\/p>\n<p>5. Wie es mit der Beg\u00fcnstigung von Immobilienbesitzern in Deutschland aussieht, zeigt ein <a href=\"http:\/\/www1.wdr.de\/daserste\/monitor\/sendungen\/deutschlands-immobilienmarkt-geldwaesche-100.html\" target=\"_blank\" rel=\"noopener\">knapp siebenmin\u00fctiger Beitrag<\/a>\u00a0des <em>ARD<\/em>-Magazins\u00a0<em>Monitor<\/em>. So wehrte sich unser bisheriger Finanzminister Wolfgang Sch\u00e4uble seit Jahren gegen ein zentrales Register f\u00fcr Immobilienbesitzer, wie es in vielen anderen L\u00e4ndern Europas Standard ist oder sich zumindest im Aufbau befindet. Schaut man sich an, wie das mit der Bek\u00e4mpfung von Steuerhinterziehung in Deutschland so l\u00e4uft und wie die Schere zwischen Arm und Reich immer weiter auseinandergeht, dann wird es Zeit f\u00fcr ein herzliches Fuck-off an Herren Sch\u00e4uble. [Dirk]<\/p>\n<p>6. Das Attentat auf dem Berliner Weihnachtsmarkt vom Dezember 2016 kann immer noch nicht zu den Akten gelegt werden, den der Bericht des als Sonderermittlers vom Berliner Senat eingesetzten ehemaligen Bundesrichters Bruno Jost weit nun nach, dass es im Vorfeld dieses Anschlags zahlreiche unglaublich Pannen und Vers\u00e4umnisse von Polizei und Geheimdienst gab, wie ein <a href=\"http:\/\/www.sueddeutsche.de\/politik\/fall-anis-amri-sonderermittler-macht-der-polizei-im-fall-amri-schwere-vorwuerfe-1.3705842\" target=\"_blank\" rel=\"noopener\">Artikel in der <em>S\u00fcddeutschen Zeitung<\/em><\/a> und ein ebenfalls dort zu findender <a href=\"http:\/\/www.sueddeutsche.de\/politik\/terroranschlag-in-berlin-der-bericht-zum-fall-amri-ist-eine-chronik-des-versagens-1.3706860\" target=\"_blank\" rel=\"noopener\">Kommentar von Jens Schneider<\/a> aufzeigen. Wenn man dann noch einen weiteren <a href=\"http:\/\/www.sueddeutsche.de\/politik\/anschlag-in-berlin-die-mysterioese-rolle-eines-v-manns-im-fall-amri-1.3689391\" target=\"_blank\" rel=\"noopener\">Artikel in der <em>S\u00fcddeutschen Zeitung<\/em><\/a> von Ende September hinzunimmt, indem es um einen Zeugen geht, der berichtet, dass der Attent\u00e4ter Anis Amri von einem V-Mann der Polizei \u00fcberhaupt erst zu dem Anschlag angestiftet worden sein soll, dann ergibt sich folgendes Bild: Mal wieder (wie z. B. schon beim NSU-Komplex und beim Oktoberfest-Attentat) stecken Ermittlungsbeh\u00f6rden und Terroristen in Deutschland anscheinend unter einer Decke, was dann hinterher mit Pleiten, Pech und Pannen zu erkl\u00e4ren versucht wird. [Karl]<\/p>\n<p>7. Der Statistiker Gerd Bosbach hat zusammen mit dem Historiker und Politologen Jens J\u00fcrgen Korff das Buch\u00a0\u201eDie Zahlentrickser \u2013 Das M\u00e4rchen von den aussterbenden Deutschen und andere Statistikl\u00fcgen\u201c geschrieben, das gerade ver\u00f6ffentlicht wurde. Auf den <em>NachDenkSeiten<\/em> findet sich nun eine <a href=\"http:\/\/www.nachdenkseiten.de\/?p=40451\" target=\"_blank\" rel=\"noopener\">Rezension von Thomas Trares<\/a> zu diesem Buch, in der man schon mal einen guten Einblick bekommen kann, worum es da geht: um Manipulationen (also sogenannte Fake News), die Eingang in die Politik finden und dort entsprechend genutzt werden. Klingt ausgesprochen interessant und macht Appetit aufs Buch! [Karl]<\/p>\n<p>8.\u00a0Von multiresistenten Keimen, gegen die kein Antibiotikum mehr hilft, hat ja vermutlich jeder schon mal was geh\u00f6rt.\u00a0Das Gleiche gibt es nun auch bei Pflanzen, dort hei\u00dft das dann \u201eSuperweed\u201c, und was darunter genau zu verstehen ist, wird in einem etwa sechsmin\u00fctigen <a href=\"http:\/\/www.daserste.de\/information\/wissen-kultur\/w-wie-wissen\/videos\/super-unkraut-video-100.html\" target=\"_blank\" rel=\"noopener\">Beitrag der <em>ARD<\/em>-Sendung <em>[w] wie wissen<\/em><\/a> erkl\u00e4rt.\u00a0Daran kann man sehen, dass die industrialisierte Landwirtschaft letztlich immer mehr Probleme schafft, als sie l\u00f6st &#8211; zumindest auf lange Sicht. [Karl]<\/p>\n<p>9. Ein <a href=\"https:\/\/www.tagesanzeiger.ch\/wissen\/medizin-und-psychologie\/Gut-bezahlte-Geschichtenerzaehler\/story\/13669932\" target=\"_blank\" rel=\"noopener\">Artikel im Schweizer <em>Tages-Anzeiger<\/em><\/a> berichtet vom Ethnologen Stefan Leins, der sich f\u00fcr seine Doktorarbeit unter Finanzanalysten begeben hat, um herauszufinden, warum diese Menschen trotz ihrer falschen Prognosen immer noch so viel Einfluss auf Politik und Wirtschaft haben. Sein Fazit: Das sind einfach nur Geschichtenerz\u00e4hler, die den Menschen den f\u00fcr sie unverst\u00e4ndlichen Finanzmarkt ein St\u00fcck weit erkl\u00e4ren. Dass sie dabei oft falsch liegen (selbst Affen haben schon zutreffendere Prognosen abgegeben als die Analysten) st\u00f6rt bei der quasi religi\u00f6sen Verehrung des Marktes dabei kaum jemanden. [Karl]<\/p>\n<p>10. Der Einsatz der Bundeswehr in Mali findet weitgehend ohne gro\u00dfe mediale Berichterstattung statt &#8211; dabei hat dieser Einsatz mittlerweile \u00e4hnliche Dimensionen wie der in Afghanistan angenommen. In einem <a href=\"http:\/\/www.sz-online.de\/nachrichten\/einsatz-in-mali-wird-gefaehrlicher-3790834.html\" target=\"_blank\" rel=\"noopener\">Artikel in der\u00a0<em>S\u00e4chsischen Zeitung<\/em><\/a> finden sich nun einige wissenswerte Hintergrundinformationen zu diesem Einsatz, die vor allem auch zeigen: Mit Milit\u00e4r schafft man es erneut mal wieder nicht, Stabilit\u00e4t und Ruhe in krisengesch\u00fcttelte Regionen zu bringen. [Karl]<\/p>\n<p>11. In der <em>taz<\/em> findet sich ein <a href=\"http:\/\/www.taz.de\/!5450745\/\" target=\"_blank\" rel=\"noopener\">Interview mit Myron Ebell<\/a>, Direktor des Zentrums f\u00fcr Energie und Umwelt am Thinktank <em>Competetive Enterprise Institute<\/em> in Washington DC und beinharter Leugner des menschgemachten Klimawandels. Interessant ist vor allem der Faktencheck am Ende des Artikels, der zeigt, dass Ebell es mit der Wahrheit nicht ganz so genau nimmt &#8211; und mit wissenschaftlichen Standards erst recht nicht. Und dann sollte man auch noch wissen, das laut <a href=\"https:\/\/de.wikipedia.org\/wiki\/Competitive_Enterprise_Institute\" target=\"_blank\" rel=\"noopener\"><em>Wikipedia<\/em>-Eintrag<\/a> Ebells Thinktank u. a. von der Erd\u00f6l- und Kohleindustrie gesponsert wird. Passend dazu ein <a href=\"https:\/\/scilogs.spektrum.de\/klimalounge\/palaeoklima-das-ganze-holozaen\/\" target=\"_blank\" rel=\"noopener\">Artikel auf <em>Spektrum.de<\/em><\/a> zu diesem Thema, der zwar recht wissenschaftlich und daher nicht ganz leicht verst\u00e4ndlich geschrieben ist, dessen Grafiken aber eine eindeutige Sprache sprechen. [Karl]<\/p>\n<p>12. Was wiegt schwerer? Informationen \u00fcber (auch massive) Menschenrechtsverletzungen oder das Interesse, solche Infos geheim zu halten, um internationale Beziehungen nicht zu gef\u00e4hrden? Dass leider Letzteres der Fall ist, zeigt ein <a href=\"https:\/\/netzpolitik.org\/2017\/auswaertiges-amt-bericht-zu-kz-aehnlichen-zustaenden-in-libyschen-lagern-bleibt-geheim\/\" target=\"_blank\" rel=\"noopener\">Artikel von <em>Netzpoltik.org<\/em><\/a> auf, in dem beschrieben wird, wie sich das Ausw\u00e4rtige Amt hier eine \u201eTransparenzl\u00fccke\u201c geschaffen hat, die nun dazu f\u00fchrt, dass ein Bericht \u00fcber die KZ-\u00e4hnlichen Zust\u00e4nde in libyschen Fl\u00fcchtlingslagern nicht ver\u00f6ffentlicht werden darf. Wie war das noch mal mit unserer europ\u00e4ischen Wertegemeinschaft &#8230;? [Karl]<\/p>\n<p>13. Eine <a href=\"https:\/\/www.zdf.de\/gesellschaft\/plan-b\/plan-b-arme-rentner---reiche-rentner-100.html\" target=\"_blank\" rel=\"noopener\">30-min\u00fctige Dokumentation<\/a>\u00a0im<em> ZDF<\/em> mit dem Titel\u00a0\u201eArme Rentner &#8211; reiche Rentner (Wege aus der Armutsfalle)\u201c vergleicht (etwas oberfl\u00e4chlich) die Rentensysteme aus Deutschland, \u00d6sterreich und den Niederlanden. Dabei schneidet das deutsche Rentensystem erwartungsgem\u00e4\u00df \u00fcbel ab. Vielleicht kann man ja doch mehr machen, als das Flaschen- und Dosenpfand zu erh\u00f6hen &#8230; [Dirk]<\/p>\n<p>14. Baden-W\u00fcrttembergs gr\u00fcn-schwarze Regierung will ein neues Anti-Terror-Paket auf den Weg bringe &#8211; und somit das sch\u00e4rfste Polizeigesetz Deutschlands schaffen, wie ein <a href=\"https:\/\/netzpolitik.org\/2017\/baden-wuerttemberg-datenschutzbeauftragter-kritisiert-gruen-schwarzes-anti-terror-paket\/\" target=\"_blank\" rel=\"noopener\">Artikel von <em>Netzpolitik.org<\/em><\/a> berichtet. Bedenken ob dessen Wirksamkeit und Verfassungsm\u00e4\u00dfigkeit bestehen beim Landesdatenschutzbeauftragten sowie auch beim Richterverein Baden-W\u00fcrttemberg, zudem werden die Einbu\u00dfen an Freiheit f\u00fcr die B\u00fcrger moniert. Der gr\u00fcne Ministerpr\u00e4sident Winfried Kretschmann hingegen findet das alles super und m\u00f6chte so an die\u00a0\u201eGrenze des verfassungsm\u00e4\u00dfig Machbaren gehen\u201c. Na denn &#8230; [Karl]<\/p>\n<p>15. Passend zum vorherigen Hinweis: In den USA und Gro\u00dfbritannien ist man mit der auf Algorithmen basierenden Polizeiarbeit schon deutlich weiter. Welche Folgen das haben kann, gerade auch f\u00fcr Menschen, die sich keines Verbrechens schuldig gemacht haben, wird in einem <a href=\"http:\/\/www.sueddeutsche.de\/kultur\/pre-crime-im-kino-hollywood-ist-wahrheit-geworden-1.3704071\" target=\"_blank\" rel=\"noopener\">Interview mit Matthias Heeder<\/a> in der <em>S\u00fcddeutschen Zeitung<\/em> deutlich: Der Regisseur hat gerade eine Dokumentation gedreht, die sich mit dem sogenannten Predective Policing besch\u00e4ftigt, also dem Versuch, Straftaten schon zu erkennen, bevor sie begangen wurden. Damit wird vor allem viel Geld verdient, und Menschen, die laut der neoliberalen Ideologie als \u00fcberfl\u00fcssig gelten, k\u00f6nnen so geg\u00e4ngelt und stigmatisiert werden. Gruselig! [Karl]<\/p>\n<p>16. Die rechtsextreme Indentit\u00e4re Bewegung ist ja immer vorn mit dabei, wenn es darum geht, Angst vor islamistischem Terror zu verbreiten und dies zur Hetze gegen Fl\u00fcchtlinge zu instrumentalisieren. Nun berichtet ein <a href=\"http:\/\/blog.zeit.de\/stoerungsmelder\/2017\/10\/10\/identitaerer-ermoeglichte-mit-illegalem-waffenverkauf-islamistenanschlag-in-frankreich_24855\" target=\"_blank\" rel=\"noopener\">Artikel auf <em>Zeit Online<\/em>,<\/a> dass gerade in Frankreich ein 54-j\u00e4hriger Identit\u00e4rer zu einer hohen Haftstrafe verurteil wurde wegen bandenm\u00e4\u00dfig organisierten Waffenhandels. Von den so von ihm verkauften \u00fcber 500 Waffen wurden auch welche vom islamistischen Attent\u00e4ter Amedy Coulibaly erworben, der damit 2015 eine Polizistin und vier Supermarktkunden t\u00f6tete. Da f\u00e4llt einem echt nichts mehr zu ein zu diesen ekligen Hipster-Nazis, oder? [Karl]<\/p>\n<p>17. Ohne die AfD kommen wir in den Wochenhinweise irgendwie nicht aus, aber die Rechtspartei leistet sich ja auch immer genug Kapriolen. Diesmal geht es in einem <a href=\"http:\/\/www.tagesspiegel.de\/politik\/nach-petry-weggang-was-die-austritte-fuer-die-afd-bedeuten\/20442606.html\" target=\"_blank\" rel=\"noopener\">Artikel im <em>Tagesspiegel<\/em><\/a> um die zahlreichen Parteiaustritte nach der Bundestagswahl auf Bundes- und vor allem auch auf Landesebene, u. a. auch von F\u00fchrungspersonal, da immer mehr AfD-Mitglieder einen deutlichen Rechtsruck feststellen. Ach was? Na ja, war einerseits bei solchen egomanischen Karrieristen ja irgendwie auch zu erwarten, dass die nicht wirklich miteinander arbeiten k\u00f6nnen, andererseits kommt da ja ein bisschen Hoffnung auf, dass die Rechtspartei sich auf diese Weise zumindest ein St\u00fcck weit selbst zerlegt. [Karl]<\/p>\n<p>18. Der Journalismus in Deutschland ist nach wie vor in einer Legitimationskrise, was dann in Beschimpfungen wie\u00a0\u201eL\u00fcgenpresse\u201c deutlich zutage tritt. Roberto J. De Lapuente macht sich in seiner <a href=\"https:\/\/www.neues-deutschland.de\/artikel\/1066650.die-luege-von-der-wahrheit.html?pk_campaign=SocialMedia\" target=\"_blank\" rel=\"noopener\">Kolumne im <em>neuen deutschland<\/em><\/a> ein paar Gedanken zum Begriff der Wahrheit, wie diese von der L\u00fcge abzugrenzen sei und wie das Bestehen darauf, die eine, einzige Wahrheit suchen zu wollen, schon eine L\u00fcge beinhaltet. Seine L\u00f6sung f\u00fcr eine gr\u00f6\u00dfere Glaubw\u00fcrdigkeit der Presse: vielschichtige Sichtweisen pr\u00e4sentieren, aus denen sich dann der Rezipient die f\u00fcr ihn plausibelste heraussuchen kann. [Karl]<\/p>\n<p>19. Karin Strenz wurde gerade wieder f\u00fcr die CDU in den Bundestag gew\u00e4hlt. Umso wichtiger w\u00e4re es, dass die CDU-Fraktion sich nun mal um die Vorw\u00fcrfe k\u00fcmmern w\u00fcrden, die durchaus glaubw\u00fcrdig nahelegen, dass Strenz Bestechungsgelder vom aserbaidschanischen Regime erhalten haben soll, um so Lobbyarbeit f\u00fcr den dortigen Despoten zu leisten. Ein <a href=\"https:\/\/www.lobbycontrol.de\/2017\/10\/fall-strenz-unionsfraktion-verschleppt-aufklaerung\/\" target=\"_blank\" rel=\"noopener\">Artikel von <em>LobbyControl<\/em><\/a> fasst die Geschehnisse um diese Bestechungsaff\u00e4re und die Unt\u00e4tigkeit der CDU zusammen. Das liest sich wie Geschichten aus einer Bananenrepublik &#8230; [Karl]<\/p>\n","protected":false},"excerpt":{"rendered":"<p>An dieser Stelle pr\u00e4sentieren wir regelm\u00e4\u00dfig Links, die wir unter der Woche entdeckt haben, zu denen wir selbst nicht mehr viel schreiben m\u00fcssen und die wir teilenswert finden. Viel Spa\u00df beim Lesen und Anschauen!<\/p>\n","protected":false},"author":5,"featured_media":0,"comment_status":"open","ping_status":"open","sticky":false,"template":"","format":"standard","meta":{"footnotes":""},"categories":[193],"tags":[],"class_list":["post-8983","post","type-post","status-publish","format-standard","hentry","category-woechentliches"],"_links":{"self":[{"href":"https:\/\/www.unterstroemt.de\/index.php?rest_route=\/wp\/v2\/posts\/8983","targetHints":{"allow":["GET"]}}],"collection":[{"href":"https:\/\/www.unterstroemt.de\/index.php?rest_route=\/wp\/v2\/posts"}],"about":[{"href":"https:\/\/www.unterstroemt.de\/index.php?rest_route=\/wp\/v2\/types\/post"}],"author":[{"embeddable":true,"href":"https:\/\/www.unterstroemt.de\/index.php?rest_route=\/wp\/v2\/users\/5"}],"replies":[{"embeddable":true,"href":"https:\/\/www.unterstroemt.de\/index.php?rest_route=%2Fwp%2Fv2%2Fcomments&post=8983"}],"version-history":[{"count":25,"href":"https:\/\/www.unterstroemt.de\/index.php?rest_route=\/wp\/v2\/posts\/8983\/revisions"}],"predecessor-version":[{"id":9025,"href":"https:\/\/www.unterstroemt.de\/index.php?rest_route=\/wp\/v2\/posts\/8983\/revisions\/9025"}],"wp:attachment":[{"href":"https:\/\/www.unterstroemt.de\/index.php?rest_route=%2Fwp%2Fv2%2Fmedia&parent=8983"}],"wp:term":[{"taxonomy":"category","embeddable":true,"href":"https:\/\/www.unterstroemt.de\/index.php?rest_route=%2Fwp%2Fv2%2Fcategories&post=8983"},{"taxonomy":"post_tag","embeddable":true,"href":"https:\/\/www.unterstroemt.de\/index.php?rest_route=%2Fwp%2Fv2%2Ftags&post=8983"}],"curies":[{"name":"wp","href":"https:\/\/api.w.org\/{rel}","templated":true}]}}