{"id":9356,"date":"2017-12-10T17:11:10","date_gmt":"2017-12-10T16:11:10","guid":{"rendered":"https:\/\/www.unterstroemt.de\/?p=9356"},"modified":"2017-12-15T11:30:56","modified_gmt":"2017-12-15T10:30:56","slug":"interessantes-aus-kw-49-2017","status":"publish","type":"post","link":"https:\/\/www.unterstroemt.de\/?p=9356","title":{"rendered":"Interessantes aus KW 49\/2017"},"content":{"rendered":"<p>An dieser Stelle pr\u00e4sentieren wir regelm\u00e4\u00dfig Links, die wir unter der Woche entdeckt haben, zu denen wir selbst nicht mehr viel schreiben m\u00fcssen und die wir teilenswert finden. Viel Spa\u00df beim Lesen und Anschauen!<\/p>\n<p>1. Roberto J. De Lapuente besch\u00e4ftigt sich in einem <a href=\"http:\/\/www.neulandrebellen.de\/2017\/12\/die-da-oben-oder-beinahe-bundesminister\/\" target=\"_blank\" rel=\"noopener\">Artikel auf <em>neulandrebellen<\/em><\/a> mit Horst Seehofer. Der CSU-Chef wird ja nun wohl abdanken, da er seine Partei in eine ziemliche Krise gef\u00fchrt hat, und sollte stattdessen in einer Jamaika-Koalition Bundesminister in Berlin werden. Was nur wie eine kleine Randnotiz erscheint, ist bezeichnend f\u00fcr unsere Politelite: Jemand kann noch so viel Bockmist verzapfen, es wird immer noch irgendwo ein P\u00f6stchen f\u00fcr ihn geben, wenn er nur lange genug zum politischen Establishment geh\u00f6rt. Das ist der Stoff, aus dem Politikverdrossenheit gemacht wird. [Karl]<\/p>\n<p>2. \u201eWas darf Kunst?\u201c, fragt die Sendung <em>ttt<\/em> in einem <a href=\"http:\/\/www.ardmediathek.de\/tv\/ttt-titel-thesen-temperamente\/K%C3%BCnstlerkollektiv-errichtet-Mahnmal-Nach\/Das-Erste\/Video?bcastId=431902&amp;documentId=48116360\" target=\"_blank\" rel=\"noopener\">sechseinhalbmin\u00fctigem Bericht<\/a> \u00fcber das K\u00fcnstlerkollektiv\u00a0<em>Zentrum f\u00fcr politische Sch\u00f6nheit<\/em>. Diese haben in unmittelbarer N\u00e4he zum Haus von \u201eBernd\u201c H\u00f6cke eine kleine Kopie des \u201eDenkmals der Schande\u201c erbaut. Wie die Anh\u00e4nger der AfD \u00fcber diese Aktion denken, zeigt sich auf dem Fu\u00dfe. Da die 24-Stunden-\u00dcberwachung von Bj\u00f6rn H\u00f6cke nur eine nicht ausgef\u00fchrte Provokation war, darf Kunst aus meiner Sicht so einiges, was die W\u00fcrde des Menschen unangetastet l\u00e4sst. Aber mit \u201eW\u00fcrde\u201c und \u201eMensch\u201c hat der Betroffene eh nicht viel am Hut, wie mir scheint. [Dirk]<\/p>\n<p>Erg\u00e4nzend dazu noch ein gut siebenmin\u00fctiges <a href=\"https:\/\/www.youtube.com\/watch?v=14zqjBOcczU\" target=\"_blank\" rel=\"noopener\">Video auf der\u00a0<em>YouTube<\/em>-Seite des <em>Zentrums f\u00fcr politische Sch\u00f6nheit<\/em><\/a> von\u00a0<em>Spiegel TV<\/em>, in dem vor allem die begangenen Straftaten der H\u00f6cke-Fans dokumentiert werden. Wer sich da an die rechten Freikorps in den 1920er-Jahren erinnert f\u00fchlt, der liegt m. E. nicht so ganz verkehrt. [Karl]<\/p>\n<p>3. Der Alleingang von Bundeslandwirtschaftsminister Christian Schmidt (CSU), der bei der EU mit Ja f\u00fcr die erneute Zulassung des umstrittenen Pestizids Glyphosat stimmte, hat f\u00fcr reichlich medialen Wirbel gesorgt in der letzten Woche. Ein treffender Vergleich findet sich nun in einem <a href=\"http:\/\/www.taz.de\/!5464754\/\" target=\"_blank\" rel=\"noopener\">Artikel in der <em>taz<\/em><\/a> zu dem Thema, n\u00e4mlich dass viele Bauern im Grunde Glyphosat-Junkies sind, weswegen sich ihre Verb\u00e4nde so massiv f\u00fcr dessen weitere Zulassung einsetzen. Wie es dazu kam und was man gegen diese Abh\u00e4ngigkeit machen k\u00f6nnte, wird dort ebenfalls dargestellt. [Karl]<\/p>\n<p>4. In der <em>taz<\/em> findet sich ein <a href=\"http:\/\/www.taz.de\/!5463979\/\" target=\"_blank\" rel=\"noopener\">Interview mit Oliver Berger<\/a>, einem Aktivisten, der am letzten Wochenende in Hannover gegen den AfD-Parteitag demonstriert hat. Darin schildert Berger, wie die Polizei auf eine Aktion des zivilen Ungehorsams von ihm und anderen Aktivisten mit vollkommen unverh\u00e4ltnism\u00e4\u00dfiger Gewalt reagiert und passive Menschen teilweise schwer verletzt hat, und zwar mit einer Brutalit\u00e4t, wie er es noch nie zuvor erlebt hat. Na ja, vermutlich haben die Polizisten das als eine Art Solidarisierung mit ihren Kollegen gesehen, die am AfD-Parteitag teilgenommen haben &#8230; [Karl]<\/p>\n<p>5. Um das Thema aktuell und im Fokus zu halten, hier (leider\u00a0\u201emal wieder\u201c oder\u00a0\u201enoch immer\u201c) ein Bericht aus einem der EU-Fl\u00fcchtlingslager. Das\u00a0\u201eLager\u201c (denn mehr als lagern kann ich das nicht nennen!) <em>Moria<\/em> auf der griechischen Insel Lesbos wird seit Monaten vor Journalisten abgeschottet. Eine Journalistin von <em>Monitor<\/em> hat sich nun trotzdem hineinbegeben und die Leute interviewt. In dem <a href=\"https:\/\/www1.wdr.de\/daserste\/monitor\/videos\/video-fluechtlingslager-moria-elend-zur-abschreckung-100.html\" target=\"_blank\" rel=\"noopener\">achteinhalbmin\u00fctigen Bericht<\/a> wird der Zustand im Lager dokumentiert und die dahinterstehende Taktik der EU angesprochen. Die W\u00fcrde des Menschen ist unantastbar &#8230; aber scheinbar nur die der europ\u00e4ischen und amerikanischen Menschen. [Dirk]<\/p>\n<p>6. Monitor, die Zweite: Wie h\u00f6rig die Politik gegen\u00fcber den gro\u00dfen Konzernen ist, das ist ja mittlerweile kein Geheimnis mehr. Allerdings finde ich es schon erschreckend, was der <a href=\"https:\/\/www1.wdr.de\/daserste\/monitor\/videos\/video-krebsmedikamente-ohne-nutzen-zweifelhafter-profit-der-pharmaindustrie-100.html\" target=\"_blank\" rel=\"noopener\">siebeneinhalbmin\u00fctige Bericht<\/a> \u00fcber die Wirksamkeit von Krebsmedikamenten nun zeigt. Scheinbar hat auch hier die Pharmaindustrie langfristig f\u00fcr Einnahmen gesorgt, die ebenfalls die W\u00fcrde des Menschen infrage stellen. Ein Medikament, das nachweislich keine positive Wirkung auf Heilung oder Wohlbefinden hat, sollte nicht von der Krankenkasse subventioniert werden. [Dirk]<\/p>\n<p>7. Monitor, die Dritte: Eines der dunkelsten Kapitel deutscher Rechtsprechung ist der Fall\u00a0Oury Jalloh. Der Asylbewerber wurde im Januar 2005 verbrannt in seiner Arrestzelle in Dessau (Sachsen-Anhalt) aufgefunden. Nachdem er betrunken festgenommen und auf einer Brandschutzmatratze fixiert wurde, fand man den bereits wegen Drogenhandel verurteilten 37-J\u00e4hrigen Stunden sp\u00e4ter restlos verbrannt in seiner Zelle. Von Anfang an gab es Zweifel, dass eine Selbstentz\u00fcndung unter den herrschenden Umst\u00e4nden \u00fcberhaupt m\u00f6glich sei, trotz allem wurde der Fall als Selbstmord abgeschlossen. Dass dies von Experten des Brandschutzes und sogar dem Staatsanwalt angezweifelt wurde, zeigt nun ein <a href=\"https:\/\/www1.wdr.de\/daserste\/monitor\/videos\/video-der-fall-oury-jalloh-justizskandal-ohne-ende-100.html\" target=\"_blank\" rel=\"noopener\">neunmin\u00fctiger Bericht<\/a>. Erschreckend. [Dirk]<\/p>\n<p>8. Eine weitere unsch\u00f6ne Auspr\u00e4gung des Rechtsrucks findet sich in Regensburg, wie ein <a href=\"http:\/\/www.regensburg-digital.de\/sons-of-odin-rassistische-buergerwehr-patrouillierte-durch-regensburg\/04122017\/\" target=\"_blank\" rel=\"noopener\">Artikel auf regensburg-digital<\/a> berichtet: Eine Gruppierung mit dem Namen\u00a0\u201eSoldiers of Odin\u201c patrouilliert dort durch die Stra\u00dfen und gibt sich als eine Art B\u00fcrgerwehr aus. Bei etwas genauerem Hinschauen wird jedoch schnell offensichtlich, dass es sich bei diesen Typen um stramm Rechtsextreme handelt. Da kann man sich schon vorstellen, wie deren Vorstellungen, wer in ihrem selbst deklarierten\u00a0\u201eSchutzgebiet\u201c Beistand erh\u00e4lt und wer nicht, aussehen. [Karl]<\/p>\n<p>9. Ein <a href=\"http:\/\/www.sueddeutsche.de\/kultur\/bodenspekulation-die-spekulation-mit-grund-und-boden-schadet-dem-sozialen-frieden-1.3770730\" target=\"_blank\" rel=\"noopener\">Kommentar von Laura Wei\u00dfm\u00fcller<\/a> in der <em>S\u00fcddeutschen Zeitung<\/em> befasst sich mit der Bodenspekulation und der Frage, warum es eigentlich gesellschaftlicher Konsens sei, dass man damit Gewinne erzielen kann. Schlie\u00dflich sei Boden etwas, das nicht vermehrt werden kann und das jeder braucht. Auf diese Weise m\u00fcssen immer mehr Menschen einen immer gr\u00f6\u00dferen Anteil ihres Gelds f\u00fcr Wohnen ausgeben, was zur materiellen Spaltung des Landes weiter beitr\u00e4gt und somit auch sozialer Sprengstoff ist. Die Politik h\u00e4tte hier einiges an Handlungsspielraum &#8211; macht aber lieber gar nichts und thematisiert das Ganze noch nicht einmal. [Karl]<\/p>\n<p>10. Rechtspopulismus und Realit\u00e4t haben ja nur selten etwas miteinander zu tun. So auch im Fall der Forderung von AfD- und CDU\/CSU-Politikern, dass Fl\u00fcchtlinge nach Syrien zur\u00fcckgeschickt werden sollten in angeblich\u00a0\u201esichere Regionen\u201c. Vonseiten der UNO erntet man daf\u00fcr nicht gerade Verst\u00e4ndnis, wie ein <a href=\"https:\/\/www.taz.de\/!5463881\/\" target=\"_blank\" rel=\"noopener\"><em>taz<\/em>-Artikel<\/a> bereichtet, denn immerhin hat man sich dort von der Lage vor Ort in Syrien besser informiert und wei\u00df, dass in Syrien keine einzige Region als sicher eingestuft werden kann. [Karl]<\/p>\n<p>11. Ein siebenmin\u00fctiger <a href=\"https:\/\/www.swr.de\/report\/pflege-im-ausnahmezustand-eine-intensivstation-schlaegt-alarm\/-\/id=233454\/did=20470952\/nid=233454\/126kdnk\/index.html\" target=\"_blank\" rel=\"noopener\">Beitrag der <em>ARD<\/em>-Sendung <em>Report Mainz<\/em><\/a> besch\u00e4ftigt sich mit der Pflegesituation in deutschen Krankenh\u00e4usern, hier am Beispiel des Diakonie-Klinikums Stuttgart. Die Zust\u00e4nde dort sind derart katastrophal, dass in den letzten Jahren 120 \u00dcberlastungsanzeigen von Pflegekr\u00e4ften geschrieben wurden &#8211; und was darin zu lesen ist, l\u00e4sst einem die Haare zu Berge stehen. Da kann man nur hoffen, nicht selbst ins Krankenhaus zu m\u00fcssen &#8211; aber Hauptsache ist ja, dass die Kliniken Profite abwerfen und das Management fette Geh\u00e4lter kassiert. [Karl]<\/p>\n<p>12. Sehr lobende Worte finde Henrdrik Steinkuhl in einem <a href=\"http:\/\/meedia.de\/2017\/12\/04\/helmut-kohl-und-der-bimbes-ard-und-spiegel-liefern-eine-journalistische-meisterleistung-ab\/\" target=\"_blank\" rel=\"noopener\">Artikel auf MEEDIA<\/a> f\u00fcr die Dokumentation\u00a0\u201e<a href=\"http:\/\/www.ardmediathek.de\/tv\/Reportage-Dokumentation\/Bimbes-Die-schwarzen-Kassen-des-Helmut\/Das-Erste\/Video?bcastId=799280&amp;documentId=48136314\" target=\"_blank\" rel=\"noopener\">Bimbes &#8211; Die schwarzen Kassen des Helmut Kohl<\/a>\u201c, die am Montag (nat\u00fcrlich erst zu sp\u00e4ter Stunde) in der ARD lief. Darin wird ein sehr gut nachvollziehbares Bild eines geradezu mafi\u00f6sen Systems herausgearbeitet, mit dem sich Helmut Kohl w\u00e4hrend seiner Kanzlerzeit immer wieder mit illegalen Parteispenden versorgt hat. Erg\u00e4nzt wird die Doku um einen Artikel in der Printausgabe des Spiegel (oder als <a href=\"http:\/\/www.spiegel.de\/spiegel\/helmut-kohl-und-die-cdu-spendenaffaere-die-dunklen-seiten-a-1181294.html\" target=\"_blank\" rel=\"noopener\">Bezahlartikel<\/a> auf der Website des Magazins), der weitere Hintergrundinformationen und Zusammenh\u00e4nge liefert \u00fcber die enorme kriminelle Energie des Altkanzlers. [Karl]<\/p>\n<p>13. Eine interessante Sichtweise auf die Proteste gegen den AfD-parteitag in Hannover vom vergangenen Wochenende pr\u00e4sentiert Tom Wellbrock in einem <a href=\"http:\/\/www.neulandrebellen.de\/2017\/12\/demos-gegen-den-parteitag-der-afd-und-was-ist-mit-der-fdp-der-cdu-den-gruenen-und-der-spd\/\" target=\"_blank\" rel=\"noopener\">Artikel auf <em>neulandrebellen<\/em><\/a>. Dabei l\u00e4sst er keinen Zweifel daran, dass die AfD einen f\u00fcr ihn indiskutable Partei ist, doch stellt er nicht zu Unrecht die Frage, warum denn bitte gegen deren Parteitag demonstriert wird, dies aber bei den anderen neoliberalen Parteien CDU, CSU, FDP, SPD und Gr\u00fcne nicht der Fall sei. Immerhin hat deren Politik ja eine Partei wie die AfD erst m\u00f6glich gemacht &#8211; und sowohl CSU als auch vor allem die FDP sind ja mittlerweile auf einem \u00e4hnlich rechtspopulistischen Level angelangt wie die AfD. [Karl]<\/p>\n<p>14. Unsch\u00f6ne, aber leider nicht \u00fcberraschende Nachricht f\u00fcr Mieter in Hamburg: Die Mieten des neuen Mietenspiegels liegen um 5,2 Prozent h\u00f6her als noch vor zwei Jahren, wie ein <a href=\"https:\/\/www.hinzundkunzt.de\/mieten-steigen-in-hamburg-um-fuenf-prozent\/\" target=\"_blank\" rel=\"noopener\">Artikel im Hamburger Stra\u00dfenmagazin <em>Hinz &amp; Kunzt<\/em><\/a> schildert. Das bedeutet f\u00fcr viele Menschen, dass sie noch mehr Geld f\u00fcrs ohnehin bereits \u00fcberteuerte Wohnen ausgeben m\u00fcssen. Die Mietpreisbremse hat also (mit Ansage) nicht funktioniert, zudem wird in dem Artikel auch noch kritisch angemerkt, dass der Mietenspiegel eben auch so konzipiert sei, dass er als Preistreiber fungiere. \u00dcble Sache &#8230; [Karl]<\/p>\n<p>15. Neues aus dem Tollhaus Ukraine berichtet ein <a href=\"http:\/\/www.sueddeutsche.de\/politik\/ukraine-ukrainische-regierung-wirft-saakaschwili-hochverrat-vor-1.3779307\" target=\"_blank\" rel=\"noopener\">Artikel in der <em>S\u00fcddeutschen Zeitung<\/em><\/a>: Dort haben sich nun Pr\u00e4sident Poroschenko und sein ehemaliger Buddie, der wegen Amtsmissbrauchs in seiner Heimat angeklagte Ex-Pr\u00e4sident Georgiens Saakaschwili, bis aufs Blut verkracht, sodass der eine den anderen zu verhaften sucht, w\u00e4hrend der andere gegen den einen Korruptionsvorw\u00fcrfe ins Feld f\u00fchrt und Proteste organisiert. Was f\u00fcr ein l\u00e4cherlicher Affenzirkus &#8211; wenn es nicht so traurig w\u00e4re und derart korrupte und kriminelle Oligarchen den Menschen in der Ukraine auf diese Weise massiv schaden w\u00fcrden. [Karl]<\/p>\n<p>16. Die B\u00fcrgerversicherung ist ja zurzeit in aller Munde, da die SPD diese im Wahlprogramm hat (genauso wie Die Linke und die Gr\u00fcnen) und deren Einf\u00fchrung als eine Bedingung f\u00fcr eine gro\u00dfe Koalition mit der CDU\/CSU ausgelobt hat. Jens Berger erkl\u00e4rt nun in einem <a href=\"http:\/\/www.nachdenkseiten.de\/?p=41443\" target=\"_blank\" rel=\"noopener\">Artikel auf den <em>NachDenkSeiten<\/em><\/a><em>,<\/em> warum eine B\u00fcrgerversicherung tats\u00e4chlich dringend notwendig und somit alternativlos ist. Das duale System von gesetzlicher und privater Krankenversicherung, was dadurch ersetzt werden soll, ist n\u00e4mlich \u00fcberhaupt nicht mehr zeitgem\u00e4\u00df, sodass aufgrund der aktuellen Niedrigzinsphase, deren Ende nicht abzusehen ist, ein Kollaps der PKV droht. [Karl]<\/p>\n<p>17. Auf EU-Ebene soll die ePrivacy-Richtlinie von 2002 \u00fcberarbeitet und den aktuellen technischen Bedingungen angepasst werden. Dagegen laufen die Firmen und Lobbyisten der Datenindustrie nat\u00fcrlich Sturm. In einem <a href=\"https:\/\/digitalcourage.de\/blog\/2017\/e-privacy-mythen-der-industrie\" target=\"_blank\" rel=\"noopener\">Artikel von <em>digitalcourage<\/em><\/a> werden nun vier Mythen, die diese werbetreibenden Datensammler verbreiten, um einen umfassenderen Schutz der User-Privatsph\u00e4re zu verhindern, widerlegt. Ich finde ja vor allem immer be\u00e4ngstigend bei solchen Artikeln, was heute schon alles an umfassender \u00dcberwachung von privaten Akteuren m\u00f6glich ist. [Karl]<\/p>\n<p>18. Gewaltsame \u00dcbergriffe und Morddrohungen geh\u00f6ren f\u00fcr Fl\u00fcchtlingshelfer mittlerweile zum Alltag, wie ein <a href=\"https:\/\/www.br.de\/mediathek\/video\/attacken-auf-fluechlingshelfer-gewaltwelle-von-rechts-av:5a29a8fb7f20ed0018d51609?t=1s\" target=\"_blank\" rel=\"noopener\">f\u00fcnfmin\u00fctiger Bericht<\/a> bei <em>quer<\/em> zeigt. Gerade k\u00fcrzlich wurde wieder ein B\u00fcrgermeister mit dem Messer attackiert, und ich frage mich schon, was Menschen dazu treibt, solch eine Tat aus einem solchen (f\u00fcr sie nicht direkt lebensbedrohlichen) Anlass zu begehen? Existenz\u00e4ngste? Dem gegen\u00fcber stehen (seit dem gewaltt\u00e4tigen Terror der RAF) provokative Kunstprojekte (siehe Beitrag 2 oben). Und auch da lautet die rechte Antwort wieder nur Gewalt &#8230; [Dirk]<\/p>\n<p>&nbsp;<\/p>\n<p>&nbsp;<\/p>\n<p>&nbsp;<\/p>\n","protected":false},"excerpt":{"rendered":"<p>An dieser Stelle pr\u00e4sentieren wir regelm\u00e4\u00dfig Links, die wir unter der Woche entdeckt haben, zu denen wir selbst nicht mehr viel schreiben m\u00fcssen und die wir teilenswert finden. Viel Spa\u00df beim Lesen und Anschauen!<\/p>\n","protected":false},"author":5,"featured_media":0,"comment_status":"open","ping_status":"open","sticky":false,"template":"","format":"standard","meta":{"footnotes":""},"categories":[193],"tags":[],"class_list":["post-9356","post","type-post","status-publish","format-standard","hentry","category-woechentliches"],"_links":{"self":[{"href":"https:\/\/www.unterstroemt.de\/index.php?rest_route=\/wp\/v2\/posts\/9356","targetHints":{"allow":["GET"]}}],"collection":[{"href":"https:\/\/www.unterstroemt.de\/index.php?rest_route=\/wp\/v2\/posts"}],"about":[{"href":"https:\/\/www.unterstroemt.de\/index.php?rest_route=\/wp\/v2\/types\/post"}],"author":[{"embeddable":true,"href":"https:\/\/www.unterstroemt.de\/index.php?rest_route=\/wp\/v2\/users\/5"}],"replies":[{"embeddable":true,"href":"https:\/\/www.unterstroemt.de\/index.php?rest_route=%2Fwp%2Fv2%2Fcomments&post=9356"}],"version-history":[{"count":26,"href":"https:\/\/www.unterstroemt.de\/index.php?rest_route=\/wp\/v2\/posts\/9356\/revisions"}],"predecessor-version":[{"id":9439,"href":"https:\/\/www.unterstroemt.de\/index.php?rest_route=\/wp\/v2\/posts\/9356\/revisions\/9439"}],"wp:attachment":[{"href":"https:\/\/www.unterstroemt.de\/index.php?rest_route=%2Fwp%2Fv2%2Fmedia&parent=9356"}],"wp:term":[{"taxonomy":"category","embeddable":true,"href":"https:\/\/www.unterstroemt.de\/index.php?rest_route=%2Fwp%2Fv2%2Fcategories&post=9356"},{"taxonomy":"post_tag","embeddable":true,"href":"https:\/\/www.unterstroemt.de\/index.php?rest_route=%2Fwp%2Fv2%2Ftags&post=9356"}],"curies":[{"name":"wp","href":"https:\/\/api.w.org\/{rel}","templated":true}]}}