{"id":958,"date":"2013-11-04T21:15:41","date_gmt":"2013-11-04T19:15:41","guid":{"rendered":"https:\/\/www.unterstroemt.de\/?p=958"},"modified":"2013-11-11T13:23:20","modified_gmt":"2013-11-11T11:23:20","slug":"unrechtsstaat-vs-friedensnobelpreistraeger","status":"publish","type":"post","link":"https:\/\/www.unterstroemt.de\/?p=958","title":{"rendered":"Unrechtsstaat vs. Friedensnobelpreistr\u00e4ger"},"content":{"rendered":"<p>Ob ein territoriales Gebiet als Unrechtsstaat bezeichnet wird oder einen Friedensnobelpreis erh\u00e4lt, h\u00e4ngt anscheinend nicht von dessen Handlungen ab, sondern davon, wer darunter zu leiden hat: Menschen erster oder zweiter Klasse.<\/p>\n<p>Die DDR war ein Unrechtsstaat, dar\u00fcber muss man wohl nicht gro\u00dfartig diskutieren. Wer zudem seine B\u00fcrger einsperrt, kann von dem, was er da politisch so abzieht, ja wohl nicht so sehr \u00fcberzeugt sein. Im Endeffekt stellt sich mir die DDR zudem mehr als kleptokratisches Regime dar denn als sozialistisches &#8211; auch wenn das immer gro\u00df betont wurde. Die F\u00fchrungseliten haben allerdings nicht wirklich ansatzweise nach sozialistischen Vorstellungen gelebt und sich selbst hemmungslos bereichert &#8211; passt irgendwie nicht zusammen, finde ich.<\/p>\n<p>In jedem Fall ist der entscheidende Punkt, warum die DDR als Unrechtsstaat durchgeht, die Sache mit dem rabiaten Vorgehen an der Grenze. Wer rauswollte und das nicht \u00fcber den offiziellen (und oft erfolglosen) Weg probiert hat, riskierte sein Leben, und insgesamt 892 Tote (Quelle der Zahl: s. <a href=\"http:\/\/de.wikipedia.org\/wiki\/Innerdeutsche_Grenze\" target=\"_blank\">hier<\/a>) an der innerdeutschen Grenze sind ein f\u00fcrchterliches Zeugnis hierf\u00fcr.<\/p>\n<p>So weit, so gut. Was nun allerdings zurzeit an der s\u00fcdlichen Grenze von der EU passiert, ist da doch noch mal ein komplett anderes Kaliber, denn laut diesem lesenswerten\u00a0<a href=\"http:\/\/www.blaetter.de\/archiv\/jahrgaenge\/2013\/november\/lampedusa-europas-schande\" target=\"_blank\">Artikel<\/a>\u00a0in den Bl\u00e4ttern f\u00fcr deutsche und internationale Politik sterben da am und im Mittelmeer mehr als doppelt so viele Menschen wie an der innerdeutschen Grenze von 1949 bis 1989 &#8211; und das pro Jahr!<\/p>\n<p>Nun geht es mir bestimmt nicht darum, die Toten gegeneinander aufzurechnen, ich finde es nur bedenklich und absto\u00dfend, wie hier anscheinend selbstverst\u00e4ndlich ein Menschenbild vorherrscht, dass Menschen in unterschiedliche Qualit\u00e4tsstufen einteilt: hier die Fl\u00fcchtlinge aus dem Unrechtsstaat DDR, die gern willkommen sind, dort die Fl\u00fcchtlinge aus Afrika, die man lieber nicht hier haben will und bei denen es nicht so schlimm ist, wenn von denen welche im Mittelmeer ersaufen. Der Gipfel dieser zynischen Sichtweise ist dann m. E. die Verleihung des Friedensnobelpreises an die EU, die ein derartiges Massaker an ihren Grenzen nicht nur zul\u00e4sst, sondern sehr billigend in Kauf nimmt.<\/p>\n<p>\u00dcber den zweiten Aspekt der Definition des Unrechtsstaates, die ausgiebige Bespitzelung seiner B\u00fcrger, wird hier demn\u00e4chst bestimmt auch noch etwas zu lesen sein &#8230;<\/p>\n","protected":false},"excerpt":{"rendered":"<p>Ob ein territoriales Gebiet als Unrechtsstaat bezeichnet wird oder einen Friedensnobelpreis erh\u00e4lt, h\u00e4ngt anscheinend nicht von dessen Handlungen ab, sondern davon, wer darunter zu leiden hat: Menschen erster oder zweiter Klasse. &#8230;<\/p>\n","protected":false},"author":3,"featured_media":0,"comment_status":"open","ping_status":"closed","sticky":false,"template":"","format":"standard","meta":{"footnotes":""},"categories":[50],"tags":[96,85,94,95],"class_list":["post-958","post","type-post","status-publish","format-standard","hentry","category-politisches","tag-ddr","tag-eu","tag-fluechtlinge","tag-lampedusa"],"_links":{"self":[{"href":"https:\/\/www.unterstroemt.de\/index.php?rest_route=\/wp\/v2\/posts\/958","targetHints":{"allow":["GET"]}}],"collection":[{"href":"https:\/\/www.unterstroemt.de\/index.php?rest_route=\/wp\/v2\/posts"}],"about":[{"href":"https:\/\/www.unterstroemt.de\/index.php?rest_route=\/wp\/v2\/types\/post"}],"author":[{"embeddable":true,"href":"https:\/\/www.unterstroemt.de\/index.php?rest_route=\/wp\/v2\/users\/3"}],"replies":[{"embeddable":true,"href":"https:\/\/www.unterstroemt.de\/index.php?rest_route=%2Fwp%2Fv2%2Fcomments&post=958"}],"version-history":[{"count":5,"href":"https:\/\/www.unterstroemt.de\/index.php?rest_route=\/wp\/v2\/posts\/958\/revisions"}],"predecessor-version":[{"id":1028,"href":"https:\/\/www.unterstroemt.de\/index.php?rest_route=\/wp\/v2\/posts\/958\/revisions\/1028"}],"wp:attachment":[{"href":"https:\/\/www.unterstroemt.de\/index.php?rest_route=%2Fwp%2Fv2%2Fmedia&parent=958"}],"wp:term":[{"taxonomy":"category","embeddable":true,"href":"https:\/\/www.unterstroemt.de\/index.php?rest_route=%2Fwp%2Fv2%2Fcategories&post=958"},{"taxonomy":"post_tag","embeddable":true,"href":"https:\/\/www.unterstroemt.de\/index.php?rest_route=%2Fwp%2Fv2%2Ftags&post=958"}],"curies":[{"name":"wp","href":"https:\/\/api.w.org\/{rel}","templated":true}]}}