{"id":965,"date":"2013-11-05T12:17:00","date_gmt":"2013-11-05T10:17:00","guid":{"rendered":"https:\/\/www.unterstroemt.de\/?p=965"},"modified":"2019-05-14T15:12:59","modified_gmt":"2019-05-14T13:12:59","slug":"gfk-konsumklimaindex-gute-laune-auf-bestellung","status":"publish","type":"post","link":"https:\/\/www.unterstroemt.de\/?p=965","title":{"rendered":"GfK Konsumklimaindex \u2013 gute Laune auf Bestellung"},"content":{"rendered":"<p>Wer kennt ihn nicht, den GfK-Konsumklimaindex. In regelm\u00e4\u00dfigen Abst\u00e4nden wird von der GfK (Gesellschaft f\u00fcr Konsumforschung) per Pressemitteilung verbreitet, wie sehr die Deutschen doch in guter Konsumlaune sind. Und das wird dann auch, da es ja ins &#8222;Uns geht&#8217;s gut&#8220;-Bild passt, das uns von der Regierung seit L\u00e4ngerem vermittelt wird, von der Mainstream-Journaille auch brav weiterverbreitet, wie man beispielsweise auf den Internetpr\u00e4senzen von\u00a0<a href=\"http:\/\/www.spiegel.de\/wirtschaft\/service\/gfk-konsumbarometer-kauflaune-der-deutschen-weiter-hoch-a-930957.html\" target=\"_blank\" rel=\"noopener noreferrer\">Spiegel<\/a>,\u00a0<a href=\"http:\/\/www.faz.net\/aktuell\/wirtschaft\/gesellschaft-fuer-konsumforschung-kauflaune-der-deutschen-trotz-rueckgang-auf-hohem-niveau-12642738.html\" target=\"_blank\" rel=\"noopener noreferrer\">FAZ<\/a>\u00a0oder auch <a href=\"http:\/\/www.zeit.de\/video\/2013-10\/2788176656001\/konjunktur-deutsche-bleiben-in-kauflaune\" target=\"_blank\" rel=\"noopener noreferrer\">Zeit<\/a>\u00a0(um nur mal ein paar vermeintliche Qualit\u00e4tsmedien zu nennen, die nicht dem Boulevard zugeh\u00f6ren, wobei der Zeit-Link mittlerweile nicht mehr funktioniert) sehen kann.<\/p>\n<p>Also alles super, oder? Wer sich nun allerdings fragt, wie das damit zusammenpasst, dass immer mehr Einzelhandelsgesch\u00e4fte schlie\u00dfen, und wer in seinem Bekannten-, Freundes- und Familienkreis auch zunehmend zu h\u00f6ren bekommt, dass bei Ausgaben eher genauer hingeschaut werden muss, anstatt einfach alles so zu kaufen, was man gerade haben will, da das einfach finanziell nicht hinhaut, der sollte diesen Eindr\u00fccken besser trauen als der GfK-Propaganda.<\/p>\n<p>Wie hier\u00a0(leider ist die Seite <em>Wirtschaft und Gesellschaft<\/em> nicht mehr online) deutlich zu erkennen ist, stimmt es n\u00e4mlich schlichtweg nicht, was von der GfK behauptet und dann von viele Medien kritiklos weiterverbreitet wird. Es handelt sich hierbei vielmehr um ein gutes Beispiel daf\u00fcr, wie L\u00fcgen, die immer wieder verbreitet werden, irgendwann f\u00fcr viele Menschen zur Wahrheit werden. F\u00fcr eine Demokratie eigentlich ein unw\u00fcrdiger Prozess, der nur dazu dient, Kanzlerin Merkel und ihren gerade mitregierenden Steigb\u00fcgelhaltern eine gute Arbeit zu attestieren. Und der W\u00e4hler glaubt&#8217;s ja auch &#8211; also gilt: Ziel erreicht.<\/p>\n","protected":false},"excerpt":{"rendered":"<p>Wer kennt ihn nicht, den GfK-Konsumklimaindex. In regelm\u00e4\u00dfigen Abst\u00e4nden wird von der GfK (Gesellschaft f\u00fcr Konsumforschung) per Pressemitteilung verbreitet, wie sehr die Deutschen doch in guter Konsumlaune sind. &#8230;<\/p>\n","protected":false},"author":3,"featured_media":0,"comment_status":"open","ping_status":"closed","sticky":false,"template":"","format":"standard","meta":{"footnotes":""},"categories":[67],"tags":[97,98],"class_list":["post-965","post","type-post","status-publish","format-standard","hentry","category-medial-manipulatives","tag-gfk","tag-konsumklimaindex"],"_links":{"self":[{"href":"https:\/\/www.unterstroemt.de\/index.php?rest_route=\/wp\/v2\/posts\/965","targetHints":{"allow":["GET"]}}],"collection":[{"href":"https:\/\/www.unterstroemt.de\/index.php?rest_route=\/wp\/v2\/posts"}],"about":[{"href":"https:\/\/www.unterstroemt.de\/index.php?rest_route=\/wp\/v2\/types\/post"}],"author":[{"embeddable":true,"href":"https:\/\/www.unterstroemt.de\/index.php?rest_route=\/wp\/v2\/users\/3"}],"replies":[{"embeddable":true,"href":"https:\/\/www.unterstroemt.de\/index.php?rest_route=%2Fwp%2Fv2%2Fcomments&post=965"}],"version-history":[{"count":3,"href":"https:\/\/www.unterstroemt.de\/index.php?rest_route=\/wp\/v2\/posts\/965\/revisions"}],"predecessor-version":[{"id":15070,"href":"https:\/\/www.unterstroemt.de\/index.php?rest_route=\/wp\/v2\/posts\/965\/revisions\/15070"}],"wp:attachment":[{"href":"https:\/\/www.unterstroemt.de\/index.php?rest_route=%2Fwp%2Fv2%2Fmedia&parent=965"}],"wp:term":[{"taxonomy":"category","embeddable":true,"href":"https:\/\/www.unterstroemt.de\/index.php?rest_route=%2Fwp%2Fv2%2Fcategories&post=965"},{"taxonomy":"post_tag","embeddable":true,"href":"https:\/\/www.unterstroemt.de\/index.php?rest_route=%2Fwp%2Fv2%2Ftags&post=965"}],"curies":[{"name":"wp","href":"https:\/\/api.w.org\/{rel}","templated":true}]}}