{"id":9935,"date":"2018-02-19T18:03:18","date_gmt":"2018-02-19T17:03:18","guid":{"rendered":"https:\/\/www.unterstroemt.de\/?p=9935"},"modified":"2019-05-07T09:51:57","modified_gmt":"2019-05-07T07:51:57","slug":"aufbruch-ins-ungewisse","status":"publish","type":"post","link":"https:\/\/www.unterstroemt.de\/?p=9935","title":{"rendered":"Aufbruch ins Ungewisse"},"content":{"rendered":"<p>In der Mediathek der <em>ARD<\/em> ist bis zum 9. M\u00e4rz noch der Spielfilm\u00a0\u201e<a href=\"https:\/\/www.youtube.com\/watch?v=nKOYs_0zoYQ\" target=\"_blank\" rel=\"noopener\">Aufbruch ins Ungewisse<\/a>\u201c zu sehen. In dieser sehenswerten Dystopie geht es um Menschen, die in einer nicht allzu fernen Zukunft aus Deutschland fl\u00fcchten m\u00fcssen, da dort (so wie in allen anderen europ\u00e4ischen Staaten auch) rechtsextreme Regierungen an der Macht sind, die jeden repressiv verfolgen, der es wagt, sich regimekritisch zu \u00e4u\u00dfern.<\/p>\n<p>So muss auch Jan Schneider zu Beginn des Films quasi von einem Tag auf den anderen das Land verlassen, da er denunziert wurde und ihm nun Gef\u00e4ngnis oder Schlimmeres droht. Er beabsichtig, nach S\u00fcdafrika zu fliehen, da dies eines der wenigen L\u00e4nder in Afrika ist, das tats\u00e4chlich Schutzsuchende aus Europa aufnimmt. Eigentlich will er seine Frau Sarah und die beiden Kinder Nora und Niklas sp\u00e4ter nachholen, allerdings dr\u00e4ngt Sarah ihn dazu, dass sie alle gemeinsam fahren, da sie schon von Menschen h\u00f6rte, deren Familie inhaftiert wurde, nachdem diese das Land verlassen hatten.<\/p>\n<p>Also macht sich die gesamte Familie bei Nacht und Nebel auf den Weg, um zun\u00e4chst mit einem Schiff in Richtung Afrika aufzubrechen.<\/p>\n<p>\u00dcber die Situation in Deutschland wird dabei so gut wie nichts erz\u00e4hlt, der Fokus der Geschichte liegt eindeutig auf den Fl\u00fcchtenden und ihrem Schicksal. Denn die Flucht erweist sich als ausgesprochen riskant und gef\u00e4hrlich, da man eben von Schleppern abh\u00e4ngig ist, denen es vor allem ums Geld geht.<\/p>\n<p>Eindrucksvoll wird sowohl die Flucht selbst als auch sp\u00e4ter der Alltag in einem Fl\u00fcchtlingscamp geschildert. All die Strapazen belasten die Beziehungen der Familienmitglieder enorm, sodass es zunehmend zu Spannungen kommt.<\/p>\n<p>Mehr will ich hier nun auch gar nicht zum Inhalt verraten, um nicht zu spoilern.<\/p>\n<p>Was den Film f\u00fcr mich sehr wertvoll macht, ist, dass die Perspektive der deutschen Mittelstandsfamilie, die von heute auf morgen ihres Lebens inklusive aller Bequemlichkeiten beraubt wird und so nur noch ums nackte \u00dcberleben k\u00e4mpft, glaubw\u00fcrdig dargestellt wird. Und nat\u00fcrlich stellt man sich beim Anschauen des Films vor, dass es zurzeit etlichen Menschen so \u00e4hnlich geht, nur eben, dass diese vom S\u00fcden in den Norden fliehen. Durch die vertraute urspr\u00fcngliche Lebenssituation der Protagonisten wird so auf geschickte Weise Empathie geweckt f\u00fcr Fl\u00fcchtende in der derzeitigen Realit\u00e4t.<\/p>\n<p>Vermutlich genau aus diesem Grund laufen auch viele Rechte, angefangen von AfDlern bis hin zu rechten Meinungsmachern, Sturm gegen den Film. Klar, wer auf Empathielosigkeit setzt, dem sagt so eine Geschichte nat\u00fcrlich \u00fcberhaupt nicht zu, zumal auch noch eine Regierung, die solche Leute vermutlich erstrebenswert f\u00e4nden, als negativ beschrieben wird, da sie Menschen in die Flucht treibt. Allerdings ist solche rechtsextreme Kritik ja eher als Lob zu verstehen, dass der Film anscheinend genau zentrale Punkte der Problematik und des Schicksals vieler Fl\u00fcchtlinge treffend darstellt.<\/p>\n<p>Also bitte ranhalten und sich die 87 Minuten Zeit nehmen f\u00fcr\u00a0\u201eAufbruch ins Ungewisse\u201c, solange das noch in der Mediathek angeschaut werden kann.<\/p>\n","protected":false},"excerpt":{"rendered":"<p>In der Mediathek der ARD ist bis zum 9. M\u00e4rz noch der Spielfilm\u00a0\u201eAufbruch ins Ungewisse\u201c zu sehen. In dieser sehenswerten Dystopie geht es um Menschen, die in einer nicht allzu fernen Zukunft aus Deutschland fl\u00fcchten m\u00fcssen, da dort (so wie in allen anderen europ\u00e4ischen Staaten auch) rechtsextreme Regierungen an der Macht sind, die jeden repressiv verfolgen, der es wagt, sich regimekritisch zu \u00e4u\u00dfern.<\/p>\n","protected":false},"author":3,"featured_media":0,"comment_status":"open","ping_status":"open","sticky":false,"template":"","format":"standard","meta":{"footnotes":""},"categories":[115],"tags":[94,288],"class_list":["post-9935","post","type-post","status-publish","format-standard","hentry","category-sehenswertes","tag-fluechtlinge","tag-rechtsruck"],"_links":{"self":[{"href":"https:\/\/www.unterstroemt.de\/index.php?rest_route=\/wp\/v2\/posts\/9935","targetHints":{"allow":["GET"]}}],"collection":[{"href":"https:\/\/www.unterstroemt.de\/index.php?rest_route=\/wp\/v2\/posts"}],"about":[{"href":"https:\/\/www.unterstroemt.de\/index.php?rest_route=\/wp\/v2\/types\/post"}],"author":[{"embeddable":true,"href":"https:\/\/www.unterstroemt.de\/index.php?rest_route=\/wp\/v2\/users\/3"}],"replies":[{"embeddable":true,"href":"https:\/\/www.unterstroemt.de\/index.php?rest_route=%2Fwp%2Fv2%2Fcomments&post=9935"}],"version-history":[{"count":3,"href":"https:\/\/www.unterstroemt.de\/index.php?rest_route=\/wp\/v2\/posts\/9935\/revisions"}],"predecessor-version":[{"id":15010,"href":"https:\/\/www.unterstroemt.de\/index.php?rest_route=\/wp\/v2\/posts\/9935\/revisions\/15010"}],"wp:attachment":[{"href":"https:\/\/www.unterstroemt.de\/index.php?rest_route=%2Fwp%2Fv2%2Fmedia&parent=9935"}],"wp:term":[{"taxonomy":"category","embeddable":true,"href":"https:\/\/www.unterstroemt.de\/index.php?rest_route=%2Fwp%2Fv2%2Fcategories&post=9935"},{"taxonomy":"post_tag","embeddable":true,"href":"https:\/\/www.unterstroemt.de\/index.php?rest_route=%2Fwp%2Fv2%2Ftags&post=9935"}],"curies":[{"name":"wp","href":"https:\/\/api.w.org\/{rel}","templated":true}]}}